{"id":54406,"date":"2017-06-21T00:03:57","date_gmt":"2017-06-21T03:03:57","guid":{"rendered":"http:\/\/pdt-rj.org.br\/?p=54406"},"modified":"2017-06-28T13:34:31","modified_gmt":"2017-06-28T16:34:31","slug":"treze-anos-sem-leonel-brizola-um-dos-maiores-icones-do-trabalhismo","status":"publish","type":"post","link":"https:\/\/pdt-rj.org.br\/index.php\/treze-anos-sem-leonel-brizola-um-dos-maiores-icones-do-trabalhismo\/","title":{"rendered":"Treze anos sem Leonel Brizola \u2013 um dos maiores \u00edcones do Trabalhismo"},"content":{"rendered":"<p>No momento em que Brasil vive o caos pol\u00edtico e econ\u00f4mico, inclusive \u00e0 beira da aprova\u00e7\u00e3o de reformas que anulam importantes direitos da classe trabalhadora, e as ruas ecoam gritos por elei\u00e7\u00f5es \u201cDiretas J\u00e1\u201d e \u201cFora Temer\u201d, o PDT, mais do que nunca, enaltece o nome de Leonel de Moura Brizola. Hoje, 21 de junho, j\u00e1 s\u00e3o 13 anos sem um dos maiores \u00edcones do Trabalhismo, herdeiro pol\u00edtico dos ex-presidentes Get\u00falio Vargas e Jo\u00e3o Goulart.<\/p>\n<p>Ga\u00facho de nascen\u00e7a e nacionalista por ideologia, aos 82 anos, Brizola partiu, deixando como legado o PDT e uma atua\u00e7\u00e3o pol\u00edtica cujo hist\u00f3rico reflete uma incans\u00e1vel\u00a0luta em prol das classes menos favorecidas do Pa\u00eds. Em 1962, por exemplo, quando foi eleito, pela primeira vez, a deputado federal pelo antigo estado da Guanabara, a marca de seus discursos era a defesa da implanta\u00e7\u00e3o da reforma agr\u00e1ria e a distribui\u00e7\u00e3o de renda.<\/p>\n<p>Com a deposi\u00e7\u00e3o do presidente Jo\u00e3o Goulart pelos militares, em 1964, Brizola \u2013 que havia liderado a Campanha da Legalidade, para assegurar que Jango assumisse a Presid\u00eancia, ap\u00f3s o suic\u00eddio de Vargas\u2013, teve que se exilar no Uruguai. De volta ao Brasil, em 1979, com a Lei da Anistia, Brizola sofreu mais um golpe, ao perder o PTB. Mas, no mesmo ano, o ga\u00facho deu a volta por cima e, em Portugal, liderou o encontro que originou \u00a0a <a href=\"http:\/\/pdt-rj.org.br\/index.php\/carta-de-lisboa-marco-do-trabalhismo-na-redemocratizacao-do-brasil\/\">Carta de Lisboa<\/a>, documento que\u00a0\u00a0pontua eixos primordiais do novo Trabalhismo.<\/p>\n<p>Em 1980, Brizola e outros trabalhistas ilustres fundaram o PDT. E n\u00e3o demorou muito para que a veia aguerrida do agora pedetista voltasse a falar mais alto. Entre 1983 e 1984, ele voltou a se destacar no cen\u00e1rio nacional, dessa vez, como um dos protagonistas do movimento civil Diretas J\u00e1, que lutava pelo fim da ditadura militar, ao reivindicar a realiza\u00e7\u00e3o de elei\u00e7\u00f5es diretas para a Presid\u00eancia da Rep\u00fablica no Brasil.<\/p>\n<p><strong>Educa\u00e7\u00e3o<\/strong><br \/>\n\u00danico pol\u00edtico a governar dois estados brasileiros diferentes \u2013 Rio Grande do Sul, de 1959 a 1963, e Rio de Janeiro, de 1983 a 1987 e de 1991 a 1994 \u2013 Brizola fez da luta por uma educa\u00e7\u00e3o p\u00fablica de qualidade uma grande marca de seu modelo de administra\u00e7\u00e3o. No Rio de Janeiro, suas duas gest\u00f5es consecutivas foram marcadas pela implementa\u00e7\u00e3o dos Centros Integrados de Educa\u00e7\u00e3o P\u00fablica (Cieps).<\/p>\n<p>Praticamente abandonados pelos governos posteriores, os Cieps, projetados pelo arquiteto Oscar Niemayer e com um modelo educacional idealizado pelo antrop\u00f3logo, escritor e pol\u00edtico Darcy Ribeiro, representavam para as fam\u00edlias de baixa renda do Rio a garantia de um futuro mais digno para centenas de crian\u00e7as das comunidades carentes do estado.<\/p>\n<p>Felizmente, o modelo de educa\u00e7\u00e3o integral implementado nos Cieps de Brizola <a href=\"http:\/\/pdt-rj.org.br\/index.php\/pdt-leva-educacao-integral-para-60-mil-estudantes-do-brasil\/\">ainda est\u00e1 vivo dentro do PDT<\/a> e tem sido colocado em pr\u00e1tica por v\u00e1rias lideran\u00e7as pedetistas, em diversas capitais do Brasil.<\/p>\n<p>Al\u00e9m da luta pelos direitos fundamentais dos trabalhadores e por uma educa\u00e7\u00e3o p\u00fablica de qualidade, Brizola deixou como legado o Samb\u00f3dromo do Rio de Janeiro. Tamb\u00e9m projetada por Oscar Niemeyer, ainda no primeiro governo do l\u00edder trabalhista, a Passarela do Samba, como a obra \u00e9 conhecida, completou 33 anos este ano, reinando absoluta como palco dos anuais desfiles das escolas de samba cariocas, um espet\u00e1culo que atrai anualmente turistas de v\u00e1rios pa\u00edses.<\/p>\n<!-- AddThis Advanced Settings generic via filter on the_content --><!-- AddThis Share Buttons generic via filter on the_content -->","protected":false},"excerpt":{"rendered":"<p>No momento em que Brasil vive o caos pol\u00edtico e econ\u00f4mico, inclusive \u00e0 beira da aprova\u00e7\u00e3o de reformas que anulam importantes direitos da classe trabalhadora, e as ruas ecoam gritos por elei\u00e7\u00f5es \u201cDiretas J\u00e1\u201d e \u201cFora Temer\u201d, o PDT, mais do que nunca, enaltece o nome de Leonel de Moura Brizola. Hoje, 21 de junho,&#8230;<!-- AddThis Advanced Settings generic via filter on wp_trim_excerpt --><!-- AddThis Share Buttons generic via filter on wp_trim_excerpt --><\/p>\n","protected":false},"author":17,"featured_media":54407,"comment_status":"closed","ping_status":"closed","sticky":false,"template":"","format":"standard","meta":{"_monsterinsights_skip_tracking":false,"_monsterinsights_sitenote_active":false,"_monsterinsights_sitenote_note":"","_monsterinsights_sitenote_category":0,"_uf_show_specific_survey":0,"_uf_disable_surveys":false,"footnotes":""},"categories":[1390,1401],"tags":[1545,277,2344,1043,2355,2177,437,2411,514,565],"class_list":["post-54406","post","type-post","status-publish","format-standard","has-post-thumbnail","hentry","category-editorias","category-nacional","tag-cieps","tag-darcy-ribeiro","tag-diretas-ja","tag-ditadura-militar","tag-eleicoes-diretas","tag-fora-temer","tag-getulio-vargas","tag-integral-implantado","tag-joao-goulart","tag-leonel-brizola"],"acf":[],"_links":{"self":[{"href":"https:\/\/pdt-rj.org.br\/index.php\/wp-json\/wp\/v2\/posts\/54406","targetHints":{"allow":["GET"]}}],"collection":[{"href":"https:\/\/pdt-rj.org.br\/index.php\/wp-json\/wp\/v2\/posts"}],"about":[{"href":"https:\/\/pdt-rj.org.br\/index.php\/wp-json\/wp\/v2\/types\/post"}],"author":[{"embeddable":true,"href":"https:\/\/pdt-rj.org.br\/index.php\/wp-json\/wp\/v2\/users\/17"}],"replies":[{"embeddable":true,"href":"https:\/\/pdt-rj.org.br\/index.php\/wp-json\/wp\/v2\/comments?post=54406"}],"version-history":[{"count":8,"href":"https:\/\/pdt-rj.org.br\/index.php\/wp-json\/wp\/v2\/posts\/54406\/revisions"}],"predecessor-version":[{"id":54494,"href":"https:\/\/pdt-rj.org.br\/index.php\/wp-json\/wp\/v2\/posts\/54406\/revisions\/54494"}],"wp:featuredmedia":[{"embeddable":true,"href":"https:\/\/pdt-rj.org.br\/index.php\/wp-json\/wp\/v2\/media\/54407"}],"wp:attachment":[{"href":"https:\/\/pdt-rj.org.br\/index.php\/wp-json\/wp\/v2\/media?parent=54406"}],"wp:term":[{"taxonomy":"category","embeddable":true,"href":"https:\/\/pdt-rj.org.br\/index.php\/wp-json\/wp\/v2\/categories?post=54406"},{"taxonomy":"post_tag","embeddable":true,"href":"https:\/\/pdt-rj.org.br\/index.php\/wp-json\/wp\/v2\/tags?post=54406"}],"curies":[{"name":"wp","href":"https:\/\/api.w.org\/{rel}","templated":true}]}}