{"id":54379,"date":"2017-06-16T17:19:08","date_gmt":"2017-06-16T20:19:08","guid":{"rendered":"http:\/\/pdt-rj.org.br\/?p=54379"},"modified":"2017-06-23T13:07:52","modified_gmt":"2017-06-23T16:07:52","slug":"manoel-dias-exalta-juventude-no-congresso-da-une-em-belo-horizonte","status":"publish","type":"post","link":"https:\/\/pdt-rj.org.br\/index.php\/manoel-dias-exalta-juventude-no-congresso-da-une-em-belo-horizonte\/","title":{"rendered":"Manoel Dias exalta juventude no congresso da UNE, em Belo Horizonte"},"content":{"rendered":"<p>O presidente da Funda\u00e7\u00e3o Leonel Brizola \u2013 Alberto Pasqualini (FLB-AP) e secret\u00e1rio-geral do partido, Manoel Dias, exaltou o legado dos movimentos estudantis na defesa da democracia e do avan\u00e7o dos direitos sociais. A declara\u00e7\u00e3o foi feita hoje (16) na Universidade Federal de Minas Gerais, em Belo Horizonte, durante a plen\u00e1ria da A\u00e7\u00e3o Libertadora Estudantil e do Movimento Reinventar que integrou a 55\u00aa edi\u00e7\u00e3o do Congresso da Uni\u00e3o Nacional dos Estudantes (UNE).<\/p>\n<p>Para Manoel Dias, o combate ao retrocesso depende da mobiliza\u00e7\u00e3o dos jovens em todo o pa\u00eds. \u201cA juventude far\u00e1 a diferen\u00e7a na luta pela legitimidade do voto e contra o retrocesso proposto pelo governo ileg\u00edtimo de Michel Temer, que \u00e9 um representante da classe neoliberal\u201d, comentou.<\/p>\n<p>Sobre as reformas trabalhista e previdenci\u00e1ria que est\u00e3o tramitando no Congresso Nacional, o ex-ministro do Trabaho e Emprego mostrou total indigna\u00e7\u00e3o. \u201cN\u00e3o podemos aceitar que desfigurem garantias constru\u00eddas por Get\u00falio Vargas, incluindo a CLT, para que privilegiem o rentismo do sistema financeiro. A riqueza do pa\u00eds deve ser destinada ao avan\u00e7o da educa\u00e7\u00e3o, e n\u00e3o para aumentar o lucro dos bancos\u201d, disse Dias, que estava acompanhado do secretario nacional de Nuclea\u00e7\u00e3o da FLB-AP e ex-presidente nacional da Juventude Socialista, Luizinho Martins.<\/p>\n<p>Sobre a instabilidade pol\u00edtica, Dias conclamou os jovens para ocupar as ruas e, assim, pressionar os parlamentares. \u201cA press\u00e3o das ruas que dar\u00e1 o efetivo resultado. Defendemos elei\u00e7\u00f5es gerais e diretas j\u00e1. Como dizia Brizola, o futuro est\u00e1 nas m\u00e3os de voc\u00eas. Vamos lutar pelo pa\u00eds que acreditamos\u201d, concluiu.<\/p>\n<p><strong>Participa\u00e7\u00f5es<\/strong><\/p>\n<p>Durante a tarde, o PDT tamb\u00e9m foi representado no evento da UNE por Ciro Gomes, vice-presidente nacional da sigla, que participou, com Manoel Dias, do lan\u00e7amento do projeto Brasil Na\u00e7\u00e3o no Centro de Atividades Did\u00e1ticas.<\/p>\n<p>Ao lado de Bresser Pereira, ex-ministro da Fazenda, Carina Vitral, presidente da UNE, Eleonora de Lucena, jornalista, os pedetistas defenderam o processo democr\u00e1tico e a retirada de Michel Temer a partir de elei\u00e7\u00f5es diretas.<\/p>\n<p>A reforma da Previd\u00eancia e a luta contra os retrocessos tamb\u00e9m pautaram a participa\u00e7\u00e3o de Weverton Rocha, l\u00edder do PDT na C\u00e2mara, no encontro estudantil. O parlamentar dialogou sobre as propostas de combate em conjunto com Adilson Ara\u00fajo, presidente Central dos Trabalhadores e Trabalhadoras do Brasil (CTB), Edson Carneiro \u201c\u00cdndio\u201d, secret\u00e1rio-geral da Intersindical), Ubiraci Dantas, presidente da Central Geral dos Trabalhadores do Brasil (CGTB), al\u00e9m dos tamb\u00e9m deputados federais, Pepe Vargas e Carlos Zarattini.<\/p>\n<!-- AddThis Advanced Settings generic via filter on the_content --><!-- AddThis Share Buttons generic via filter on the_content -->","protected":false},"excerpt":{"rendered":"<p>O presidente da Funda\u00e7\u00e3o Leonel Brizola \u2013 Alberto Pasqualini (FLB-AP) e secret\u00e1rio-geral do partido, Manoel Dias, exaltou o legado dos movimentos estudantis na defesa da democracia e do avan\u00e7o dos direitos sociais. A declara\u00e7\u00e3o foi feita hoje (16) na Universidade Federal de Minas Gerais, em Belo Horizonte, durante a plen\u00e1ria da A\u00e7\u00e3o Libertadora Estudantil e&#8230;<!-- AddThis Advanced Settings generic via filter on wp_trim_excerpt --><!-- AddThis Share Buttons generic via filter on wp_trim_excerpt --><\/p>\n","protected":false},"author":17,"featured_media":54380,"comment_status":"closed","ping_status":"closed","sticky":false,"template":"","format":"standard","meta":{"_monsterinsights_skip_tracking":false,"_monsterinsights_sitenote_active":false,"_monsterinsights_sitenote_note":"","_monsterinsights_sitenote_category":0,"_uf_show_specific_survey":0,"_uf_disable_surveys":false,"footnotes":""},"categories":[1390,1401],"tags":[],"class_list":["post-54379","post","type-post","status-publish","format-standard","has-post-thumbnail","hentry","category-editorias","category-nacional"],"acf":[],"_links":{"self":[{"href":"https:\/\/pdt-rj.org.br\/index.php\/wp-json\/wp\/v2\/posts\/54379","targetHints":{"allow":["GET"]}}],"collection":[{"href":"https:\/\/pdt-rj.org.br\/index.php\/wp-json\/wp\/v2\/posts"}],"about":[{"href":"https:\/\/pdt-rj.org.br\/index.php\/wp-json\/wp\/v2\/types\/post"}],"author":[{"embeddable":true,"href":"https:\/\/pdt-rj.org.br\/index.php\/wp-json\/wp\/v2\/users\/17"}],"replies":[{"embeddable":true,"href":"https:\/\/pdt-rj.org.br\/index.php\/wp-json\/wp\/v2\/comments?post=54379"}],"version-history":[{"count":2,"href":"https:\/\/pdt-rj.org.br\/index.php\/wp-json\/wp\/v2\/posts\/54379\/revisions"}],"predecessor-version":[{"id":54452,"href":"https:\/\/pdt-rj.org.br\/index.php\/wp-json\/wp\/v2\/posts\/54379\/revisions\/54452"}],"wp:featuredmedia":[{"embeddable":true,"href":"https:\/\/pdt-rj.org.br\/index.php\/wp-json\/wp\/v2\/media\/54380"}],"wp:attachment":[{"href":"https:\/\/pdt-rj.org.br\/index.php\/wp-json\/wp\/v2\/media?parent=54379"}],"wp:term":[{"taxonomy":"category","embeddable":true,"href":"https:\/\/pdt-rj.org.br\/index.php\/wp-json\/wp\/v2\/categories?post=54379"},{"taxonomy":"post_tag","embeddable":true,"href":"https:\/\/pdt-rj.org.br\/index.php\/wp-json\/wp\/v2\/tags?post=54379"}],"curies":[{"name":"wp","href":"https:\/\/api.w.org\/{rel}","templated":true}]}}