{"id":54375,"date":"2017-06-14T18:23:58","date_gmt":"2017-06-14T21:23:58","guid":{"rendered":"http:\/\/pdt-rj.org.br\/?p=54375"},"modified":"2017-06-14T22:08:57","modified_gmt":"2017-06-15T01:08:57","slug":"debatedores-defendem-compartilhamento-de-dados-para-combater-trafico-e-terrorismo","status":"publish","type":"post","link":"https:\/\/pdt-rj.org.br\/index.php\/debatedores-defendem-compartilhamento-de-dados-para-combater-trafico-e-terrorismo\/","title":{"rendered":"Debatedores defendem compartilhamento de dados para combater tr\u00e1fico e terrorismo"},"content":{"rendered":"<p>O combate aos crimes transnacionais, como o tr\u00e1fico de drogas e de armas e o terrorismo, depende de um melhor compartilhamento de informa\u00e7\u00f5es entre os diversos \u00f3rg\u00e3os do governo brasileiro. Essa foi a conclus\u00e3o dos debatedores em uma audi\u00eancia p\u00fablica proposta pelo deputado Subtenente Gonzaga (PDT-MG), realizada nessa ter\u00e7a-feira (13) na Comiss\u00e3o de Rela\u00e7\u00f5es Exteriores e de Defesa Nacional.<\/p>\n<p>O objetivo do debate era discutir a import\u00e2ncia dos acordos laterais\/bilaterais de informa\u00e7\u00f5es de intelig\u00eancia entre as pol\u00edcias do Brasil e dos pa\u00edses fronteiri\u00e7os. O representante do Itamaraty, Gabriel Moreira, citou iniciativas como o rec\u00e9m-criado Programa de Prote\u00e7\u00e3o Integrada de Fronteiras, mas reconheceu que ainda falta fazer mais.<\/p>\n<p>\u201cO grande desafio que a gente enfrenta \u00e9 de intensificar a integra\u00e7\u00e3o e a coordena\u00e7\u00e3o entre as ag\u00eancias policiais e de intelig\u00eancia do Brasil com os pa\u00edses vizinhos e dentro do Brasil, de maneira a criar tamb\u00e9m mais confian\u00e7a entre essas ag\u00eancias\u201d, disse Moreira.<\/p>\n<p>Para Subtenente Gonzaga, a discuss\u00e3o sobre a passagem de produtos il\u00edcitos pelas fronteiras \u00e9 importante, mas os \u00f3rg\u00e3os de seguran\u00e7a e intelig\u00eancia n\u00e3o devem se restringir a elas.<\/p>\n<p>\u201cVoc\u00ea tem uma a\u00e7\u00e3o que necessariamente acontece na fronteira, que \u00e9 a passagem. Mas a organiza\u00e7\u00e3o desta passagem se d\u00e1 em v\u00e1rios locais do Brasil. E se essa passagem n\u00e3o for detectada no momento que ela acontece, depois que esta carga, seja drogas, seja de armas, seja tr\u00e1fico de pessoas, ela j\u00e1 est\u00e1 no interior do Brasil, numa cidade pequena, n\u00e3o adianta eu ter a a\u00e7\u00e3o na fronteira porque ela j\u00e1 aconteceu\u201d, observou.<\/p>\n<p>O deputado Subtenente Gonzaga protocolou um requerimento na Comiss\u00e3o de Rela\u00e7\u00f5es Exteriores e Defesa Nacional sugerindo \u00e0 Presid\u00eancia da Rep\u00fablica que a pr\u00f3pria comiss\u00e3o da C\u00e2mara se encarregue de criar um instrumento legal que facilite a concretiza\u00e7\u00e3o de acordos bilaterais e multilaterais na \u00e1rea de seguran\u00e7a.<\/p>\n<!-- AddThis Advanced Settings generic via filter on the_content --><!-- AddThis Share Buttons generic via filter on the_content -->","protected":false},"excerpt":{"rendered":"<p>O combate aos crimes transnacionais, como o tr\u00e1fico de drogas e de armas e o terrorismo, depende de um melhor compartilhamento de informa\u00e7\u00f5es entre os diversos \u00f3rg\u00e3os do governo brasileiro. Essa foi a conclus\u00e3o dos debatedores em uma audi\u00eancia p\u00fablica proposta pelo deputado Subtenente Gonzaga (PDT-MG), realizada nessa ter\u00e7a-feira (13) na Comiss\u00e3o de Rela\u00e7\u00f5es Exteriores&#8230;<!-- AddThis Advanced Settings generic via filter on wp_trim_excerpt --><!-- AddThis Share Buttons generic via filter on wp_trim_excerpt --><\/p>\n","protected":false},"author":17,"featured_media":54376,"comment_status":"closed","ping_status":"closed","sticky":false,"template":"","format":"standard","meta":{"_monsterinsights_skip_tracking":false,"_monsterinsights_sitenote_active":false,"_monsterinsights_sitenote_note":"","_monsterinsights_sitenote_category":0,"_uf_show_specific_survey":0,"_uf_disable_surveys":false,"footnotes":""},"categories":[1390,1459],"tags":[38,2403,895],"class_list":["post-54375","post","type-post","status-publish","format-standard","has-post-thumbnail","hentry","category-editorias","category-congresso","tag-pdt","tag-programa-de-protecao-integrada-de-fronteiras","tag-subtenente-gonzaga"],"acf":[],"_links":{"self":[{"href":"https:\/\/pdt-rj.org.br\/index.php\/wp-json\/wp\/v2\/posts\/54375","targetHints":{"allow":["GET"]}}],"collection":[{"href":"https:\/\/pdt-rj.org.br\/index.php\/wp-json\/wp\/v2\/posts"}],"about":[{"href":"https:\/\/pdt-rj.org.br\/index.php\/wp-json\/wp\/v2\/types\/post"}],"author":[{"embeddable":true,"href":"https:\/\/pdt-rj.org.br\/index.php\/wp-json\/wp\/v2\/users\/17"}],"replies":[{"embeddable":true,"href":"https:\/\/pdt-rj.org.br\/index.php\/wp-json\/wp\/v2\/comments?post=54375"}],"version-history":[{"count":2,"href":"https:\/\/pdt-rj.org.br\/index.php\/wp-json\/wp\/v2\/posts\/54375\/revisions"}],"predecessor-version":[{"id":54378,"href":"https:\/\/pdt-rj.org.br\/index.php\/wp-json\/wp\/v2\/posts\/54375\/revisions\/54378"}],"wp:featuredmedia":[{"embeddable":true,"href":"https:\/\/pdt-rj.org.br\/index.php\/wp-json\/wp\/v2\/media\/54376"}],"wp:attachment":[{"href":"https:\/\/pdt-rj.org.br\/index.php\/wp-json\/wp\/v2\/media?parent=54375"}],"wp:term":[{"taxonomy":"category","embeddable":true,"href":"https:\/\/pdt-rj.org.br\/index.php\/wp-json\/wp\/v2\/categories?post=54375"},{"taxonomy":"post_tag","embeddable":true,"href":"https:\/\/pdt-rj.org.br\/index.php\/wp-json\/wp\/v2\/tags?post=54375"}],"curies":[{"name":"wp","href":"https:\/\/api.w.org\/{rel}","templated":true}]}}