{"id":54332,"date":"2017-06-12T19:17:16","date_gmt":"2017-06-12T22:17:16","guid":{"rendered":"http:\/\/pdt-rj.org.br\/?p=54332"},"modified":"2017-06-20T11:57:02","modified_gmt":"2017-06-20T14:57:02","slug":"pdt-entra-com-acao-para-barrar-mp-sobre-aeroportos","status":"publish","type":"post","link":"https:\/\/pdt-rj.org.br\/index.php\/pdt-entra-com-acao-para-barrar-mp-sobre-aeroportos\/","title":{"rendered":"PDT entra com a\u00e7\u00e3o para barrar MP sobre aeroportos"},"content":{"rendered":"<p>O PDT\u00a0ajuizou uma A\u00e7\u00e3o Direta de Inconstitucionalidade (<a href=\"http:\/\/s.conjur.com.br\/dl\/pdt-contesta-mp-pagamentos-concessoes.pdf\">ADI 5.714<\/a>) para que o Supremo Tribunal Federal (STF) declare inconstitucional a Medida Provis\u00f3ria 779\/2017, que muda o\u00a0 cronograma de pagamentos das outorgas de aeroportos.<\/p>\n<p>O partido entende \u00a0que a edi\u00e7\u00e3o de medida provis\u00f3ria sobre mat\u00e9ria rejeitada afronta o princ\u00edpio constitucional da separa\u00e7\u00e3o de Poderes.<\/p>\n<p>De\u00a0acordo com o PDT, a medida provis\u00f3ria, de maio deste ano, trata de mat\u00e9ria que foi discutida e rejeitada pelo Congresso.\u00a0O partido explica na a\u00e7\u00e3o que\u00a0a C\u00e2mara dos Deputados rejeitou expressamente a reprograma\u00e7\u00e3o de pagamento dessas outorgas ao votar\u00a0o Projeto de Lei de Convers\u00e3o 3\/2017.<\/p>\n<p>\u201cA Medida Provis\u00f3ria 779 outra coisa n\u00e3o faz sen\u00e3o reeditar o artigo rejeitado do projeto, sem aportar modifica\u00e7\u00f5es substanciais\u201d, afirma o PDT, na a\u00e7\u00e3o. Para o partido, o governo violou o princ\u00edpio da irrepetibilidade.<\/p>\n<p>O partido aponta que a Constitui\u00e7\u00e3o Federal, em seus artigos 60, 62 e 67,\u00a0restringe o poder de legislar sobre mat\u00e9ria rejeitada no Congresso em sess\u00e3o legislativa.<\/p>\n<p>&nbsp;<\/p>\n<!-- AddThis Advanced Settings generic via filter on the_content --><!-- AddThis Share Buttons generic via filter on the_content -->","protected":false},"excerpt":{"rendered":"<p>O PDT\u00a0ajuizou uma A\u00e7\u00e3o Direta de Inconstitucionalidade (ADI 5.714) para que o Supremo Tribunal Federal (STF) declare inconstitucional a Medida Provis\u00f3ria 779\/2017, que muda o\u00a0 cronograma de pagamentos das outorgas de aeroportos. O partido entende \u00a0que a edi\u00e7\u00e3o de medida provis\u00f3ria sobre mat\u00e9ria rejeitada afronta o princ\u00edpio constitucional da separa\u00e7\u00e3o de Poderes. De\u00a0acordo com o&#8230;<!-- AddThis Advanced Settings generic via filter on wp_trim_excerpt --><!-- AddThis Share Buttons generic via filter on wp_trim_excerpt --><\/p>\n","protected":false},"author":17,"featured_media":53694,"comment_status":"closed","ping_status":"closed","sticky":false,"template":"","format":"standard","meta":{"_monsterinsights_skip_tracking":false,"_monsterinsights_sitenote_active":false,"_monsterinsights_sitenote_note":"","_monsterinsights_sitenote_category":0,"_uf_show_specific_survey":0,"_uf_disable_surveys":false,"footnotes":""},"categories":[1390],"tags":[1041,1784,2392,38,2393],"class_list":["post-54332","post","type-post","status-publish","format-standard","has-post-thumbnail","hentry","category-editorias","tag-acao-direta-de-inconstitucionalidade","tag-adi","tag-cronograma-de-pagamentos-das-outorgas-de-aeroportos","tag-pdt","tag-principio-constitucional-da-separacao-de-poderes"],"acf":[],"_links":{"self":[{"href":"https:\/\/pdt-rj.org.br\/index.php\/wp-json\/wp\/v2\/posts\/54332","targetHints":{"allow":["GET"]}}],"collection":[{"href":"https:\/\/pdt-rj.org.br\/index.php\/wp-json\/wp\/v2\/posts"}],"about":[{"href":"https:\/\/pdt-rj.org.br\/index.php\/wp-json\/wp\/v2\/types\/post"}],"author":[{"embeddable":true,"href":"https:\/\/pdt-rj.org.br\/index.php\/wp-json\/wp\/v2\/users\/17"}],"replies":[{"embeddable":true,"href":"https:\/\/pdt-rj.org.br\/index.php\/wp-json\/wp\/v2\/comments?post=54332"}],"version-history":[{"count":2,"href":"https:\/\/pdt-rj.org.br\/index.php\/wp-json\/wp\/v2\/posts\/54332\/revisions"}],"predecessor-version":[{"id":54405,"href":"https:\/\/pdt-rj.org.br\/index.php\/wp-json\/wp\/v2\/posts\/54332\/revisions\/54405"}],"wp:featuredmedia":[{"embeddable":true,"href":"https:\/\/pdt-rj.org.br\/index.php\/wp-json\/wp\/v2\/media\/53694"}],"wp:attachment":[{"href":"https:\/\/pdt-rj.org.br\/index.php\/wp-json\/wp\/v2\/media?parent=54332"}],"wp:term":[{"taxonomy":"category","embeddable":true,"href":"https:\/\/pdt-rj.org.br\/index.php\/wp-json\/wp\/v2\/categories?post=54332"},{"taxonomy":"post_tag","embeddable":true,"href":"https:\/\/pdt-rj.org.br\/index.php\/wp-json\/wp\/v2\/tags?post=54332"}],"curies":[{"name":"wp","href":"https:\/\/api.w.org\/{rel}","templated":true}]}}