{"id":54328,"date":"2017-06-12T18:42:38","date_gmt":"2017-06-12T21:42:38","guid":{"rendered":"http:\/\/pdt-rj.org.br\/?p=54328"},"modified":"2017-06-12T18:55:09","modified_gmt":"2017-06-12T21:55:09","slug":"fortaleza-ganhara-estatua-de-leonel-brizola-em-tamanho-real","status":"publish","type":"post","link":"https:\/\/pdt-rj.org.br\/index.php\/fortaleza-ganhara-estatua-de-leonel-brizola-em-tamanho-real\/","title":{"rendered":"Fortaleza ganhar\u00e1 est\u00e1tua de Leonel Brizola em tamanho real"},"content":{"rendered":"<p>No pr\u00f3ximo dia 22 de junho, Fortaleza (CE) ser\u00e1 o endere\u00e7o de mais uma homenagem permanente a Leonel Brizola. Est\u00e1 prevista para essa data, a inaugura\u00e7\u00e3o de uma est\u00e1tua em tamanho real do fundador do PDT, na Travessa Crato, no Centro de Fortaleza, que passar\u00e1 a se chamar Largo Leonel Brizola.<\/p>\n<p>A homenagem \u00e9 uma iniciativa de um Projeto de Decreto Legislativo de autoria do vereador pedetista Iraguass\u00fa Filho, j\u00e1 aprovada na C\u00e2mara Municipal de Fortaleza. A proposta aguarda a publica\u00e7\u00e3o de decreto no Di\u00e1rio Oficial de Fortaleza.<\/p>\n<p>No in\u00edcio deste m\u00eas, o presidente estadual do PDT, deputado federal Andr\u00e9 Figueiredo, conferiu o passo a passo da escultura, acompanhado do vice-presidente do PDT da capital cearense, Papito Oliveira.<\/p>\n<p><strong>\u00cdcone <\/strong><\/p>\n<p>Falecido no dia 21 de junho de 2004, Leonel de Moura Brizola foi um dos maiores l\u00edderes da hist\u00f3ria do Brasil. Herdeiro pol\u00edtico de Get\u00falio Vargas e fundador do PDT, seu nome foi inclu\u00eddo, em 2015, no Livro dos Her\u00f3is da P\u00e1tria, um justo reconhecimento a quem sempre lutou por direitos e foi um dos idealizadores das escolas em tempo integral.<\/p>\n<!-- AddThis Advanced Settings generic via filter on the_content --><!-- AddThis Share Buttons generic via filter on the_content -->","protected":false},"excerpt":{"rendered":"<p>No pr\u00f3ximo dia 22 de junho, Fortaleza (CE) ser\u00e1 o endere\u00e7o de mais uma homenagem permanente a Leonel Brizola. Est\u00e1 prevista para essa data, a inaugura\u00e7\u00e3o de uma est\u00e1tua em tamanho real do fundador do PDT, na Travessa Crato, no Centro de Fortaleza, que passar\u00e1 a se chamar Largo Leonel Brizola. A homenagem \u00e9 uma&#8230;<!-- AddThis Advanced Settings generic via filter on wp_trim_excerpt --><!-- AddThis Share Buttons generic via filter on wp_trim_excerpt --><\/p>\n","protected":false},"author":17,"featured_media":54329,"comment_status":"closed","ping_status":"closed","sticky":false,"template":"","format":"standard","meta":{"_monsterinsights_skip_tracking":false,"_monsterinsights_sitenote_active":false,"_monsterinsights_sitenote_note":"","_monsterinsights_sitenote_category":0,"_uf_show_specific_survey":0,"_uf_disable_surveys":false,"footnotes":""},"categories":[1390],"tags":[437,2391,565,2390],"class_list":["post-54328","post","type-post","status-publish","format-standard","has-post-thumbnail","hentry","category-editorias","tag-getulio-vargas","tag-largo-leonel-brizola","tag-leonel-brizola","tag-travessa-crato"],"acf":[],"_links":{"self":[{"href":"https:\/\/pdt-rj.org.br\/index.php\/wp-json\/wp\/v2\/posts\/54328","targetHints":{"allow":["GET"]}}],"collection":[{"href":"https:\/\/pdt-rj.org.br\/index.php\/wp-json\/wp\/v2\/posts"}],"about":[{"href":"https:\/\/pdt-rj.org.br\/index.php\/wp-json\/wp\/v2\/types\/post"}],"author":[{"embeddable":true,"href":"https:\/\/pdt-rj.org.br\/index.php\/wp-json\/wp\/v2\/users\/17"}],"replies":[{"embeddable":true,"href":"https:\/\/pdt-rj.org.br\/index.php\/wp-json\/wp\/v2\/comments?post=54328"}],"version-history":[{"count":2,"href":"https:\/\/pdt-rj.org.br\/index.php\/wp-json\/wp\/v2\/posts\/54328\/revisions"}],"predecessor-version":[{"id":54331,"href":"https:\/\/pdt-rj.org.br\/index.php\/wp-json\/wp\/v2\/posts\/54328\/revisions\/54331"}],"wp:featuredmedia":[{"embeddable":true,"href":"https:\/\/pdt-rj.org.br\/index.php\/wp-json\/wp\/v2\/media\/54329"}],"wp:attachment":[{"href":"https:\/\/pdt-rj.org.br\/index.php\/wp-json\/wp\/v2\/media?parent=54328"}],"wp:term":[{"taxonomy":"category","embeddable":true,"href":"https:\/\/pdt-rj.org.br\/index.php\/wp-json\/wp\/v2\/categories?post=54328"},{"taxonomy":"post_tag","embeddable":true,"href":"https:\/\/pdt-rj.org.br\/index.php\/wp-json\/wp\/v2\/tags?post=54328"}],"curies":[{"name":"wp","href":"https:\/\/api.w.org\/{rel}","templated":true}]}}