{"id":54315,"date":"2017-06-08T21:11:54","date_gmt":"2017-06-09T00:11:54","guid":{"rendered":"http:\/\/pdt-rj.org.br\/?p=54315"},"modified":"2017-06-17T22:13:20","modified_gmt":"2017-06-18T01:13:20","slug":"em-brasilia-manoel-dias-promove-filiacao-de-ciganos-ao-pdt","status":"publish","type":"post","link":"https:\/\/pdt-rj.org.br\/index.php\/em-brasilia-manoel-dias-promove-filiacao-de-ciganos-ao-pdt\/","title":{"rendered":"Em Bras\u00edlia, Manoel Dias promove filia\u00e7\u00e3o de ciganos ao PDT"},"content":{"rendered":"<p>O PDT segue na vanguarda, dentre os partidos pol\u00edticos do Pa\u00eds, ao agregar membros da sociedade que, ao representarem minorias \u00e9tnicas e de g\u00eanero, engrossam a luta pela garantia dos Direitos Humanos. Dessa vez, em cerim\u00f4nia realizada nesta quinta-feira (8), na sede nacional do partido, em Bras\u00edlia, a legenda de Leonel Brizola recebeu a filia\u00e7\u00e3o de ciganos da etnia Calon.<\/p>\n<p>A cerim\u00f4nia foi prestigiada pelo secret\u00e1rio-geral do PDT e presidente da Funda\u00e7\u00e3o Leonel Brizola \u2013 Alberto Pasqualini (FLB-AP), Manoel Dias, com a presen\u00e7a de lideran\u00e7as locais, incluindo a secret\u00e1ria-geral da sigla no Distrito Federal, Ero\u00eddes Lessa.<\/p>\n<p>\u201c\u00c9 uma honra estar nesse evento. Isso representa a ess\u00eancia do PDT, que valoriza a diversidade. Aqui voc\u00eas ter\u00e3o espa\u00e7o para batalhar. N\u00e3o ser\u00e1 f\u00e1cil, n\u00e3o se enganem\u201d, pontuou Dias, destacando o surgimento de mais uma oportunidade para estimular a cria\u00e7\u00e3o de novos n\u00facleos de base.<\/p>\n<p>\u201cN\u00f3s j\u00e1 elegemos um \u00edndio deputado federal, governadores negros e, agora, vamos caminhar para conquistar uma nova vit\u00f3ria com os ciganos\u201d, acrescentou.<\/p>\n<p>O ato mobilizou a comunidade Nova Cana\u00e3, que fica localizada na regi\u00e3o administrativa de Sobradinho. Simultaneamente, as mulheres do grupo se filiaram \u00e0 A\u00e7\u00e3o da Mulher Trabalhista (AMT), atra\u00eddas, principalmente, pelas atividades desenvolvidas pelo movimento do DF, por meio das Oficinas Itinerantes.<\/p>\n<p>Ero\u00eddes Lessa, que tamb\u00e9m \u00e9 presidente da AMT-DF, ressaltou a forte integra\u00e7\u00e3o dos novos membros com a organiza\u00e7\u00e3o. \u201cSempre receberam os militantes pedetistas com muito carinho e est\u00e3o se filiando para fortalecer nosso trabalho em prol do povo brasileiro. N\u00f3s, mulheres, estamos acostumadas com o combate \u00e0 discrimina\u00e7\u00e3o\u201d, comentou.<\/p>\n<p>Ao assinar a ficha de filia\u00e7\u00e3o, Daiane Rocha, secret\u00e1ria-geral da Associa\u00e7\u00e3o Nacional das Etnias Ciganas do Brasil (Anec), falou sobre o significado do ato para a comunidade cigana do Brasil.<\/p>\n<p>\u201cEu venho para lutar por nossos direitos, como de todo cidad\u00e3o, que \u00e9 ter acesso ao atendimento m\u00e9dico, \u00e0 educa\u00e7\u00e3o&#8230; Nossa cultura n\u00e3o \u00e9 ser n\u00f4made. Nossa cultura, da qual eu tenho muito orgulho, \u00e9 nossa m\u00fasica, nossa arte, nossa dan\u00e7a, nosso idioma\u201d, desabafou Daiane que, muito emocionada, tamb\u00e9m falou sobre sua expectativa em rea\u00e7\u00e3o ao PDT e revelou sua admira\u00e7\u00e3o por Brizola.<\/p>\n<p>\u201cQuero lutar pelo meu povo. N\u00e3o s\u00f3 dos ciganos, mas de todas as minorias. Aqui, nesse partido, sei que vou conseguir. \u00c9 uma oportunidade \u00fanica\u201d, destacou.<\/p>\n<!-- AddThis Advanced Settings generic via filter on the_content --><!-- AddThis Share Buttons generic via filter on the_content -->","protected":false},"excerpt":{"rendered":"<p>O PDT segue na vanguarda, dentre os partidos pol\u00edticos do Pa\u00eds, ao agregar membros da sociedade que, ao representarem minorias \u00e9tnicas e de g\u00eanero, engrossam a luta pela garantia dos Direitos Humanos. Dessa vez, em cerim\u00f4nia realizada nesta quinta-feira (8), na sede nacional do partido, em Bras\u00edlia, a legenda de Leonel Brizola recebeu a filia\u00e7\u00e3o&#8230;<!-- AddThis Advanced Settings generic via filter on wp_trim_excerpt --><!-- AddThis Share Buttons generic via filter on wp_trim_excerpt --><\/p>\n","protected":false},"author":17,"featured_media":54316,"comment_status":"closed","ping_status":"closed","sticky":false,"template":"","format":"standard","meta":{"_monsterinsights_skip_tracking":false,"_monsterinsights_sitenote_active":false,"_monsterinsights_sitenote_note":"","_monsterinsights_sitenote_category":0,"_uf_show_specific_survey":0,"_uf_disable_surveys":false,"footnotes":""},"categories":[1390],"tags":[87,1969,366,426,565,591,2388,2118,38],"class_list":["post-54315","post","type-post","status-publish","format-standard","has-post-thumbnail","hentry","category-editorias","tag-acao-da-mulher-trabalhista","tag-amt-df","tag-eroides-lessa","tag-fundacao-leonel-brizola-alberto-pasqualini","tag-leonel-brizola","tag-manoel-dias","tag-nova-canaa","tag-oficina-itinerante","tag-pdt"],"acf":[],"_links":{"self":[{"href":"https:\/\/pdt-rj.org.br\/index.php\/wp-json\/wp\/v2\/posts\/54315","targetHints":{"allow":["GET"]}}],"collection":[{"href":"https:\/\/pdt-rj.org.br\/index.php\/wp-json\/wp\/v2\/posts"}],"about":[{"href":"https:\/\/pdt-rj.org.br\/index.php\/wp-json\/wp\/v2\/types\/post"}],"author":[{"embeddable":true,"href":"https:\/\/pdt-rj.org.br\/index.php\/wp-json\/wp\/v2\/users\/17"}],"replies":[{"embeddable":true,"href":"https:\/\/pdt-rj.org.br\/index.php\/wp-json\/wp\/v2\/comments?post=54315"}],"version-history":[{"count":5,"href":"https:\/\/pdt-rj.org.br\/index.php\/wp-json\/wp\/v2\/posts\/54315\/revisions"}],"predecessor-version":[{"id":54393,"href":"https:\/\/pdt-rj.org.br\/index.php\/wp-json\/wp\/v2\/posts\/54315\/revisions\/54393"}],"wp:featuredmedia":[{"embeddable":true,"href":"https:\/\/pdt-rj.org.br\/index.php\/wp-json\/wp\/v2\/media\/54316"}],"wp:attachment":[{"href":"https:\/\/pdt-rj.org.br\/index.php\/wp-json\/wp\/v2\/media?parent=54315"}],"wp:term":[{"taxonomy":"category","embeddable":true,"href":"https:\/\/pdt-rj.org.br\/index.php\/wp-json\/wp\/v2\/categories?post=54315"},{"taxonomy":"post_tag","embeddable":true,"href":"https:\/\/pdt-rj.org.br\/index.php\/wp-json\/wp\/v2\/tags?post=54315"}],"curies":[{"name":"wp","href":"https:\/\/api.w.org\/{rel}","templated":true}]}}