{"id":54288,"date":"2017-06-07T13:08:05","date_gmt":"2017-06-07T16:08:05","guid":{"rendered":"http:\/\/pdt-rj.org.br\/?p=54288"},"modified":"2017-06-07T13:10:16","modified_gmt":"2017-06-07T16:10:16","slug":"em-brasilia-gilmar-sossella-busca-apoio-para-municipios-atingidos-por-chuvas-no-rs","status":"publish","type":"post","link":"https:\/\/pdt-rj.org.br\/index.php\/em-brasilia-gilmar-sossella-busca-apoio-para-municipios-atingidos-por-chuvas-no-rs\/","title":{"rendered":"Em Bras\u00edlia, Gilmar Sossella busca apoio para munic\u00edpios atingidos por chuvas no RS"},"content":{"rendered":"<p>O Coordenador da Frente Parlamentar Municipalista da Assembleia Legislativa do Estado do Rio Grande do Sul, deputado estadual Gilmar Sossella (PDT), esteve nessa\u00a0ter\u00e7a-feira (6), na Secretaria Nacional de Prote\u00e7\u00e3o e Defesa Civil, em Bras\u00edlia, para\u00a0solicitar a agiliza\u00e7\u00e3o no aux\u00edlio aos 126 munic\u00edpios atingidos pelas intensas chuvas no estado. O parlamentar se reuniu com o secret\u00e1rio Renato Newton Ramlow.<\/p>\n<p>De acordo com a Defesa Civil ga\u00facha, s\u00e3o 52 em situa\u00e7\u00e3o de emerg\u00eancia e\u00a06.309 pessoas fora de casa por causa do mau tempo, com 433 fam\u00edlias desabrigadas e 1.077 desalojadas.<\/p>\n<p>\u201cO secret\u00e1rio repassou as orienta\u00e7\u00f5es sobre os procedimentos necess\u00e1rios para os munic\u00edpios sobre a destina\u00e7\u00e3o dos kits de ajuda humanit\u00e1ria; o reconhecimento federal do estado de emerg\u00eancia; o preenchimento dos formul\u00e1rios para solicita\u00e7\u00e3o dos recursos e informa\u00e7\u00e3o de desastre, bem como do Decreto do Executivo Municipal ou Estadual de situa\u00e7\u00e3o de emerg\u00eancia\u201d, explicou Sossella.<\/p>\n<p>Al\u00e9m disso, Ramlow informou que sete munic\u00edpios ga\u00fachos j\u00e1 tinham encaminhado o pedido de reconhecimento da situa\u00e7\u00e3o de emerg\u00eancia, por meio do Sistema Integrado de Informa\u00e7\u00f5es sobre Desastres da Secretaria Nacional de Prote\u00e7\u00e3o e Defesa Civil: Coronel Bicaco, Barros Cassal, N\u00e3o-Me-Toque, Campo Novo, Tr\u00eas Passos, Boqueir\u00e3o do Le\u00e3o e Lago\u00e3o.<\/p>\n<p>Tamb\u00e9m participaram da reuni\u00e3o, pelo \u00f3rg\u00e3o federal, o chefe de gabinete, Wesley de Almeida Felinto, e o coordenador geral do Departamento de Articula\u00e7\u00e3o e Gest\u00e3o (DAG), Jairo Kruger; al\u00e9m do prefeito de Cara\u00e1, Nei Pereira dos Santos.<\/p>\n<p><strong>Trabalho Constante<\/strong><\/p>\n<p>No dia 26 de maio, Sossella colocou a estrutura da Frente Parlamentar \u00e0 disposi\u00e7\u00e3o da Defesa Civil do Estado no apoio aos munic\u00edpios ga\u00fachos atingidos pela chuva intensa que assola o Rio Grande do Sul nas \u00faltimas semanas. O documento foi entregue ao sargento Pizinatto pelo chefe de gabinete, Artur Alexandre Souto, e o assessor parlamentar Douglas Paloschi.<\/p>\n<!-- AddThis Advanced Settings generic via filter on the_content --><!-- AddThis Share Buttons generic via filter on the_content -->","protected":false},"excerpt":{"rendered":"<p>O Coordenador da Frente Parlamentar Municipalista da Assembleia Legislativa do Estado do Rio Grande do Sul, deputado estadual Gilmar Sossella (PDT), esteve nessa\u00a0ter\u00e7a-feira (6), na Secretaria Nacional de Prote\u00e7\u00e3o e Defesa Civil, em Bras\u00edlia, para\u00a0solicitar a agiliza\u00e7\u00e3o no aux\u00edlio aos 126 munic\u00edpios atingidos pelas intensas chuvas no estado. O parlamentar se reuniu com o secret\u00e1rio&#8230;<!-- AddThis Advanced Settings generic via filter on wp_trim_excerpt --><!-- AddThis Share Buttons generic via filter on wp_trim_excerpt --><\/p>\n","protected":false},"author":17,"featured_media":54289,"comment_status":"closed","ping_status":"closed","sticky":false,"template":"","format":"standard","meta":{"_monsterinsights_skip_tracking":false,"_monsterinsights_sitenote_active":false,"_monsterinsights_sitenote_note":"","_monsterinsights_sitenote_category":0,"_uf_show_specific_survey":0,"_uf_disable_surveys":false,"footnotes":""},"categories":[1390],"tags":[2385,210,1173,38],"class_list":["post-54288","post","type-post","status-publish","format-standard","has-post-thumbnail","hentry","category-editorias","tag-ajuda-humanitaria","tag-chuvas","tag-gilmar-sossella","tag-pdt"],"acf":[],"_links":{"self":[{"href":"https:\/\/pdt-rj.org.br\/index.php\/wp-json\/wp\/v2\/posts\/54288","targetHints":{"allow":["GET"]}}],"collection":[{"href":"https:\/\/pdt-rj.org.br\/index.php\/wp-json\/wp\/v2\/posts"}],"about":[{"href":"https:\/\/pdt-rj.org.br\/index.php\/wp-json\/wp\/v2\/types\/post"}],"author":[{"embeddable":true,"href":"https:\/\/pdt-rj.org.br\/index.php\/wp-json\/wp\/v2\/users\/17"}],"replies":[{"embeddable":true,"href":"https:\/\/pdt-rj.org.br\/index.php\/wp-json\/wp\/v2\/comments?post=54288"}],"version-history":[{"count":3,"href":"https:\/\/pdt-rj.org.br\/index.php\/wp-json\/wp\/v2\/posts\/54288\/revisions"}],"predecessor-version":[{"id":54292,"href":"https:\/\/pdt-rj.org.br\/index.php\/wp-json\/wp\/v2\/posts\/54288\/revisions\/54292"}],"wp:featuredmedia":[{"embeddable":true,"href":"https:\/\/pdt-rj.org.br\/index.php\/wp-json\/wp\/v2\/media\/54289"}],"wp:attachment":[{"href":"https:\/\/pdt-rj.org.br\/index.php\/wp-json\/wp\/v2\/media?parent=54288"}],"wp:term":[{"taxonomy":"category","embeddable":true,"href":"https:\/\/pdt-rj.org.br\/index.php\/wp-json\/wp\/v2\/categories?post=54288"},{"taxonomy":"post_tag","embeddable":true,"href":"https:\/\/pdt-rj.org.br\/index.php\/wp-json\/wp\/v2\/tags?post=54288"}],"curies":[{"name":"wp","href":"https:\/\/api.w.org\/{rel}","templated":true}]}}