{"id":54279,"date":"2017-06-06T16:28:17","date_gmt":"2017-06-06T19:28:17","guid":{"rendered":"http:\/\/pdt-rj.org.br\/?p=54279"},"modified":"2017-06-12T20:03:45","modified_gmt":"2017-06-12T23:03:45","slug":"conselho-curador-da-fundacao-ratifica-prioridade-dos-nucleos-de-base","status":"publish","type":"post","link":"https:\/\/pdt-rj.org.br\/index.php\/conselho-curador-da-fundacao-ratifica-prioridade-dos-nucleos-de-base\/","title":{"rendered":"Conselho Curador da Funda\u00e7\u00e3o ratifica prioridade dos n\u00facleos de base"},"content":{"rendered":"<p>Os n\u00facleos de base foram o destaque do planejamento estrat\u00e9gico da Funda\u00e7\u00e3o Leonel Brizola \u2013 Alberto Pasqualini (FLB-AP) apresentado na reuni\u00e3o do seu Conselho Curador, que ocorreu hoje (6) na sede nacional do PDT, em Bras\u00edlia. Liderada pelos presidentes do PDT e da Funda\u00e7\u00e3o, Carlos Lupi e Manoel Dias, respectivamente, o encontro exaltou os 10 anos de cria\u00e7\u00e3o da Universidade Aberta Leonel Brizola (ULB).<\/p>\n<p>Para o presidente da Funda\u00e7\u00e3o e secret\u00e1rio-geral do PDT, Manoel Dias, a nuclea\u00e7\u00e3o \u00e9 um prioridade da Dire\u00e7\u00e3o Nacional da sigla e representa a constru\u00e7\u00e3o de uma plataforma s\u00f3lida para as pr\u00f3ximas elei\u00e7\u00f5es diretas. \u201c\u00c9 uma mobiliza\u00e7\u00e3o integrada para buscar o desenvolvimento da milit\u00e2ncia e garantir os avan\u00e7os sociais atrav\u00e9s das bandeiras do Trabalhismo. N\u00f3s temos que insistir, pois a mudan\u00e7a de uma cultura \u00e9 complicada\u201d, afirmou.<\/p>\n<p>\u201cPor isso, o caminho deve ser trilhado pela forma\u00e7\u00e3o pol\u00edtica, que est\u00e1 no nosso estatuto, a partir dos n\u00facleos de base permanentes e empoderados. Para isso, \u00e9 essencial utilizar a internet, ferramenta de dissemina\u00e7\u00e3o do conhecimento\u201d, ponderou Dias, ao exaltar a integra\u00e7\u00e3o com a ULB. &#8220;A nossa universidade \u00e9 um dos principais instrumentos de contato com os militantes que est\u00e3o na ponta. Com os cursos espec\u00edficos para os multiplicadores e membros dos n\u00facleos pedetistas, vamos mobilizar os pedetistas em cada canto desse pa\u00eds&#8221;, acrescentou.<\/p>\n<p>Ao contextualizar a realidade atual com a imposta durante a ditadura, o presidente da FLB-AP ressaltou que o maior crime dos militares foi provocar a aliena\u00e7\u00e3o de diversas gera\u00e7\u00f5es e o est\u00edmulo ao individualismo. \u201cDiscutir pol\u00edtica n\u00e3o pode ser visto como problema, apesar de, hoje, ser criminalizado por parte da sociedade. Para reverter esse quadro, s\u00f3 restou o PDT, no campo popular, com efetiva identidade ideol\u00f3gica. Isso ocorre por nossa persist\u00eancia, que foi liderada pelo Lupi ao manter, no partido, a coer\u00eancia e os princ\u00edpios\u201d, exaltou.<\/p>\n<p>Carlos Lupi, que tamb\u00e9m \u00e9 presidente do Conselho Curador, indicou que o estatuto fala objetivamente das a\u00e7\u00f5es da Funda\u00e7\u00e3o e mostra a import\u00e2ncia do desenvolvimento da forma\u00e7\u00e3o pol\u00edtica, produ\u00e7\u00e3o de conte\u00fados e debates nacionais e internacionais. \u201cNesse novo momento da pol\u00edtica e do Brasil, a gente precisa ter consci\u00eancia da import\u00e2ncia da forma\u00e7\u00e3o de quadros. N\u00f3s somos, praticamente, uma flor no deserto. Precisamos trabalhar e mostrar, principalmente, para os jovens, a nossa hist\u00f3ria\u201d, assegurou.<\/p>\n<p>\u201cTemos uma miss\u00e3o em cada estado. Os n\u00facleos de base s\u00e3o fundamentais para avan\u00e7ar com as causas do partido. A atual gera\u00e7\u00e3o \u00e9 digital. Por isso, precisamos liderar esse movimento em um formato din\u00e2mico e moderno\u201d, concluiu Lupi.<\/p>\n<p>No encontro tamb\u00e9m foi aprovada a formaliza\u00e7\u00e3o da nomenclatura da Funda\u00e7\u00e3o, que incluiu o nome de Leonel Brizola, ratificada a nomea\u00e7\u00e3o dos conselhos executivo e fiscal indicados pelo Diret\u00f3rio Nacional do PDT, bem como o ajuste do estatuto da institui\u00e7\u00e3o.<\/p>\n<p><strong>Estrutura<\/strong><\/p>\n<p>O n\u00facleo de base constitui a ess\u00eancia pol\u00edtica do partido. A sua milit\u00e2ncia organizada para o trabalho popular apresenta um perfil diverso: alguns j\u00e1 possuem experi\u00eancia e compromisso no PDT, em sindicatos ou movimentos populares. J\u00e1 outra parcela n\u00e3o possui engajamento algum.<\/p>\n<p>Apesar das diferen\u00e7as, o objetivo converge para o mesmo ponto: confirmar o partido como efetiva lideran\u00e7a do campo popular na defesa dos direitos do povo brasileiro.<\/p>\n<!-- AddThis Advanced Settings generic via filter on the_content --><!-- AddThis Share Buttons generic via filter on the_content -->","protected":false},"excerpt":{"rendered":"<p>Os n\u00facleos de base foram o destaque do planejamento estrat\u00e9gico da Funda\u00e7\u00e3o Leonel Brizola \u2013 Alberto Pasqualini (FLB-AP) apresentado na reuni\u00e3o do seu Conselho Curador, que ocorreu hoje (6) na sede nacional do PDT, em Bras\u00edlia. Liderada pelos presidentes do PDT e da Funda\u00e7\u00e3o, Carlos Lupi e Manoel Dias, respectivamente, o encontro exaltou os 10&#8230;<!-- AddThis Advanced Settings generic via filter on wp_trim_excerpt --><!-- AddThis Share Buttons generic via filter on wp_trim_excerpt --><\/p>\n","protected":false},"author":17,"featured_media":54280,"comment_status":"closed","ping_status":"closed","sticky":false,"template":"","format":"standard","meta":{"_monsterinsights_skip_tracking":false,"_monsterinsights_sitenote_active":false,"_monsterinsights_sitenote_note":"","_monsterinsights_sitenote_category":0,"_uf_show_specific_survey":0,"_uf_disable_surveys":false,"footnotes":""},"categories":[1390,1401],"tags":[196,408,426,591,2394,931,1598],"class_list":["post-54279","post","type-post","status-publish","format-standard","has-post-thumbnail","hentry","category-editorias","category-nacional","tag-carlos-lupi","tag-flb-ap","tag-fundacao-leonel-brizola-alberto-pasqualini","tag-manoel-dias","tag-nucleos-de-base","tag-ulb","tag-universidade-aberta-leonel-brizola"],"acf":[],"_links":{"self":[{"href":"https:\/\/pdt-rj.org.br\/index.php\/wp-json\/wp\/v2\/posts\/54279","targetHints":{"allow":["GET"]}}],"collection":[{"href":"https:\/\/pdt-rj.org.br\/index.php\/wp-json\/wp\/v2\/posts"}],"about":[{"href":"https:\/\/pdt-rj.org.br\/index.php\/wp-json\/wp\/v2\/types\/post"}],"author":[{"embeddable":true,"href":"https:\/\/pdt-rj.org.br\/index.php\/wp-json\/wp\/v2\/users\/17"}],"replies":[{"embeddable":true,"href":"https:\/\/pdt-rj.org.br\/index.php\/wp-json\/wp\/v2\/comments?post=54279"}],"version-history":[{"count":3,"href":"https:\/\/pdt-rj.org.br\/index.php\/wp-json\/wp\/v2\/posts\/54279\/revisions"}],"predecessor-version":[{"id":54335,"href":"https:\/\/pdt-rj.org.br\/index.php\/wp-json\/wp\/v2\/posts\/54279\/revisions\/54335"}],"wp:featuredmedia":[{"embeddable":true,"href":"https:\/\/pdt-rj.org.br\/index.php\/wp-json\/wp\/v2\/media\/54280"}],"wp:attachment":[{"href":"https:\/\/pdt-rj.org.br\/index.php\/wp-json\/wp\/v2\/media?parent=54279"}],"wp:term":[{"taxonomy":"category","embeddable":true,"href":"https:\/\/pdt-rj.org.br\/index.php\/wp-json\/wp\/v2\/categories?post=54279"},{"taxonomy":"post_tag","embeddable":true,"href":"https:\/\/pdt-rj.org.br\/index.php\/wp-json\/wp\/v2\/tags?post=54279"}],"curies":[{"name":"wp","href":"https:\/\/api.w.org\/{rel}","templated":true}]}}