{"id":54273,"date":"2017-06-06T17:47:09","date_gmt":"2017-06-06T20:47:09","guid":{"rendered":"http:\/\/pdt-rj.org.br\/?p=54273"},"modified":"2017-06-08T14:11:23","modified_gmt":"2017-06-08T17:11:23","slug":"executiva-nacional-se-reune-em-brasilia-pelas-diretas-ja","status":"publish","type":"post","link":"https:\/\/pdt-rj.org.br\/index.php\/executiva-nacional-se-reune-em-brasilia-pelas-diretas-ja\/","title":{"rendered":"Executiva Nacional se re\u00fane em Bras\u00edlia pelas Diretas J\u00e1"},"content":{"rendered":"<p>Em reuni\u00e3o realizada nesta ter\u00e7a-feira em Bras\u00edlia, a Executiva Nacional e os presidentes regionais do PDT, afinaram o discurso em torno de elei\u00e7\u00f5es diretas no Brasil \u2013 caso Temer seja cassado pelo TSE ou renuncie \u00e0\u00a0Presid\u00eancia da Rep\u00fablica. Nesta quarta, tamb\u00e9m ser\u00e1 la\u00e7ada na C\u00e2mara a Frente Suprapartid\u00e1ria em defesa de elei\u00e7\u00f5es diretas j\u00e1. PDT participa da frente.<\/p>\n<p>De acordo com o presidente nacional da legenda, Carlos Lupi, o momento que a pol\u00edtica brasileira vive \u00e9 delicado, mas decis\u00f5es precisam ser tomadas.<\/p>\n<p>\u201cA hora de ter posi\u00e7\u00e3o \u00e9 agora. A crise institucional colocou na presid\u00eancia, sem legitimidade, Michel Temer, que n\u00e3o tem nenhum compromisso com os avan\u00e7os sociais que a popula\u00e7\u00e3o tanto precisa. O povo precisa ser ouvido. As elei\u00e7\u00f5es diretas s\u00e3o fundamentais neste momento\u201d, afirmou.<\/p>\n<p>Lupi tamb\u00e9m discutiu junto com a Executiva a possibilidade de convocar o Diret\u00f3rio Nacional para tomar decis\u00f5es mais profundas sobre a crise. A reuni\u00e3o, ser\u00e1 em julho, em data ainda a ser marcada.<\/p>\n<p>Pr\u00e9-candidato do PDT \u00e0 Presid\u00eancia da Rep\u00fablica, Ciro Gomes \u2013 que tamb\u00e9m ocupa umas das vice-presid\u00eancias do partido \u2013 tamb\u00e9m falou sobre a necessidade da discuss\u00e3o em torno das elei\u00e7\u00f5es diretas.<\/p>\n<p>\u201cMeu pensamento est\u00e1 em linha com o presidente Lupi. Vivemos um momento onde algumas rupturas j\u00e1 foram consolidadas, como o golpe que levou Temer \u00e0 Presid\u00eancia. Dentro deste quadro, ouvir a popula\u00e7\u00e3o se torna indiscut\u00edvel\u201d, afirmou Ciro.<\/p>\n<p>Nesta quarta-feira (7) ser\u00e1 lan\u00e7ada a Frente Suprapartid\u00e1ria pelas Diretas J\u00e1, movimento encabe\u00e7ado por PDT, PSB, Psol, PT e PCdoB. O lan\u00e7amento ser\u00e1 no Sal\u00e3o Nobre da C\u00e2mara \u00e0s 16 horas, e vai contar com os presidentes nacionais das legendas e v\u00e1rios parlamentares.<\/p>\n<!-- AddThis Advanced Settings generic via filter on the_content --><!-- AddThis Share Buttons generic via filter on the_content -->","protected":false},"excerpt":{"rendered":"<p>Em reuni\u00e3o realizada nesta ter\u00e7a-feira em Bras\u00edlia, a Executiva Nacional e os presidentes regionais do PDT, afinaram o discurso em torno de elei\u00e7\u00f5es diretas no Brasil \u2013 caso Temer seja cassado pelo TSE ou renuncie \u00e0\u00a0Presid\u00eancia da Rep\u00fablica. Nesta quarta, tamb\u00e9m ser\u00e1 la\u00e7ada na C\u00e2mara a Frente Suprapartid\u00e1ria em defesa de elei\u00e7\u00f5es diretas j\u00e1. PDT&#8230;<!-- AddThis Advanced Settings generic via filter on wp_trim_excerpt --><!-- AddThis Share Buttons generic via filter on wp_trim_excerpt --><\/p>\n","protected":false},"author":17,"featured_media":54274,"comment_status":"closed","ping_status":"closed","sticky":false,"template":"","format":"standard","meta":{"_monsterinsights_skip_tracking":false,"_monsterinsights_sitenote_active":false,"_monsterinsights_sitenote_note":"","_monsterinsights_sitenote_category":0,"_uf_show_specific_survey":0,"_uf_disable_surveys":false,"footnotes":""},"categories":[976],"tags":[196,220,2384],"class_list":["post-54273","post","type-post","status-publish","format-standard","has-post-thumbnail","hentry","category-noticias-em-destaque","tag-carlos-lupi","tag-ciro-gomes","tag-frente-suprapartidaria-pelas-diretas-ja"],"acf":[],"_links":{"self":[{"href":"https:\/\/pdt-rj.org.br\/index.php\/wp-json\/wp\/v2\/posts\/54273","targetHints":{"allow":["GET"]}}],"collection":[{"href":"https:\/\/pdt-rj.org.br\/index.php\/wp-json\/wp\/v2\/posts"}],"about":[{"href":"https:\/\/pdt-rj.org.br\/index.php\/wp-json\/wp\/v2\/types\/post"}],"author":[{"embeddable":true,"href":"https:\/\/pdt-rj.org.br\/index.php\/wp-json\/wp\/v2\/users\/17"}],"replies":[{"embeddable":true,"href":"https:\/\/pdt-rj.org.br\/index.php\/wp-json\/wp\/v2\/comments?post=54273"}],"version-history":[{"count":8,"href":"https:\/\/pdt-rj.org.br\/index.php\/wp-json\/wp\/v2\/posts\/54273\/revisions"}],"predecessor-version":[{"id":54305,"href":"https:\/\/pdt-rj.org.br\/index.php\/wp-json\/wp\/v2\/posts\/54273\/revisions\/54305"}],"wp:featuredmedia":[{"embeddable":true,"href":"https:\/\/pdt-rj.org.br\/index.php\/wp-json\/wp\/v2\/media\/54274"}],"wp:attachment":[{"href":"https:\/\/pdt-rj.org.br\/index.php\/wp-json\/wp\/v2\/media?parent=54273"}],"wp:term":[{"taxonomy":"category","embeddable":true,"href":"https:\/\/pdt-rj.org.br\/index.php\/wp-json\/wp\/v2\/categories?post=54273"},{"taxonomy":"post_tag","embeddable":true,"href":"https:\/\/pdt-rj.org.br\/index.php\/wp-json\/wp\/v2\/tags?post=54273"}],"curies":[{"name":"wp","href":"https:\/\/api.w.org\/{rel}","templated":true}]}}