{"id":54267,"date":"2017-06-06T12:58:10","date_gmt":"2017-06-06T15:58:10","guid":{"rendered":"http:\/\/pdt-rj.org.br\/?p=54267"},"modified":"2017-06-06T12:58:10","modified_gmt":"2017-06-06T15:58:10","slug":"acir-gurgacz-defende-participacao-da-sociedade-nas-discussoes-sobre-o-meio-ambiente","status":"publish","type":"post","link":"https:\/\/pdt-rj.org.br\/index.php\/acir-gurgacz-defende-participacao-da-sociedade-nas-discussoes-sobre-o-meio-ambiente\/","title":{"rendered":"Acir Gurgacz defende participa\u00e7\u00e3o da sociedade nas discuss\u00f5es sobre o meio ambiente"},"content":{"rendered":"<p>No Dia Mundial do Meio Ambiente, celebrado nessa segunda-feira (5), o senador Acir Gurgacz (PDT-RO), afirmou que o governo tem dois desafios: promover o crescimento sustent\u00e1vel do pa\u00eds e estabelecer o saneamento b\u00e1sico em todas as cidades brasileiras. A preocupa\u00e7\u00e3o do pedetista com o tema foi realizada no Plen\u00e1rio.<\/p>\n<p>Gurgacz lamentou a recente sa\u00edda dos Estados Unidos do Acordo do Clima de Paris, por considerar o documento uma estrat\u00e9gia de conscientiza\u00e7\u00e3o sobre o que precisa ser feito em favor do planeta Terra na quest\u00e3o ambiental. Para o senador, todo cidad\u00e3o precisa ser envolvido no debate, pois cada pessoa \u00e9 um aliado na constru\u00e7\u00e3o da sustentabilidade.<\/p>\n<p>&#8220;Como eu sempre digo: no lugar de ficarmos apenas discutindo as mudan\u00e7as clim\u00e1ticas, precisamos inserir o homem nas discuss\u00f5es sobre o meio ambiente. Pois o homem faz parte da natureza, est\u00e1 integrado ao meio ambiente e n\u00e3o vive sem ele&#8221;&#8216;, destacou.<\/p>\n<!-- AddThis Advanced Settings generic via filter on the_content --><!-- AddThis Share Buttons generic via filter on the_content -->","protected":false},"excerpt":{"rendered":"<p>No Dia Mundial do Meio Ambiente, celebrado nessa segunda-feira (5), o senador Acir Gurgacz (PDT-RO), afirmou que o governo tem dois desafios: promover o crescimento sustent\u00e1vel do pa\u00eds e estabelecer o saneamento b\u00e1sico em todas as cidades brasileiras. A preocupa\u00e7\u00e3o do pedetista com o tema foi realizada no Plen\u00e1rio. Gurgacz lamentou a recente sa\u00edda dos&#8230;<!-- AddThis Advanced Settings generic via filter on wp_trim_excerpt --><!-- AddThis Share Buttons generic via filter on wp_trim_excerpt --><\/p>\n","protected":false},"author":17,"featured_media":54268,"comment_status":"closed","ping_status":"closed","sticky":false,"template":"","format":"standard","meta":{"_monsterinsights_skip_tracking":false,"_monsterinsights_sitenote_active":false,"_monsterinsights_sitenote_note":"","_monsterinsights_sitenote_category":0,"_uf_show_specific_survey":0,"_uf_disable_surveys":false,"footnotes":""},"categories":[1390],"tags":[88,2382,1072,2383,1315],"class_list":["post-54267","post","type-post","status-publish","format-standard","has-post-thumbnail","hentry","category-editorias","tag-acir-gurgacz","tag-dia-mundial-do-meio-ambiente","tag-meio-ambiente","tag-mudancas-climaticas","tag-saneamento-basico"],"acf":[],"_links":{"self":[{"href":"https:\/\/pdt-rj.org.br\/index.php\/wp-json\/wp\/v2\/posts\/54267","targetHints":{"allow":["GET"]}}],"collection":[{"href":"https:\/\/pdt-rj.org.br\/index.php\/wp-json\/wp\/v2\/posts"}],"about":[{"href":"https:\/\/pdt-rj.org.br\/index.php\/wp-json\/wp\/v2\/types\/post"}],"author":[{"embeddable":true,"href":"https:\/\/pdt-rj.org.br\/index.php\/wp-json\/wp\/v2\/users\/17"}],"replies":[{"embeddable":true,"href":"https:\/\/pdt-rj.org.br\/index.php\/wp-json\/wp\/v2\/comments?post=54267"}],"version-history":[{"count":1,"href":"https:\/\/pdt-rj.org.br\/index.php\/wp-json\/wp\/v2\/posts\/54267\/revisions"}],"predecessor-version":[{"id":54269,"href":"https:\/\/pdt-rj.org.br\/index.php\/wp-json\/wp\/v2\/posts\/54267\/revisions\/54269"}],"wp:featuredmedia":[{"embeddable":true,"href":"https:\/\/pdt-rj.org.br\/index.php\/wp-json\/wp\/v2\/media\/54268"}],"wp:attachment":[{"href":"https:\/\/pdt-rj.org.br\/index.php\/wp-json\/wp\/v2\/media?parent=54267"}],"wp:term":[{"taxonomy":"category","embeddable":true,"href":"https:\/\/pdt-rj.org.br\/index.php\/wp-json\/wp\/v2\/categories?post=54267"},{"taxonomy":"post_tag","embeddable":true,"href":"https:\/\/pdt-rj.org.br\/index.php\/wp-json\/wp\/v2\/tags?post=54267"}],"curies":[{"name":"wp","href":"https:\/\/api.w.org\/{rel}","templated":true}]}}