{"id":54260,"date":"2017-06-05T18:37:38","date_gmt":"2017-06-05T21:37:38","guid":{"rendered":"http:\/\/pdt-rj.org.br\/?p=54260"},"modified":"2017-10-26T09:07:20","modified_gmt":"2017-10-26T11:07:20","slug":"a-pedido-de-serio-vidigal-comissao-de-minas-e-energia-debate-incentivos-a-geracao-de-energias-renovaveis","status":"publish","type":"post","link":"https:\/\/pdt-rj.org.br\/index.php\/a-pedido-de-serio-vidigal-comissao-de-minas-e-energia-debate-incentivos-a-geracao-de-energias-renovaveis\/","title":{"rendered":"Comiss\u00e3o de Minas e Energia debate \u201cIncentivos \u00e0 Gera\u00e7\u00e3o de Energias Renov\u00e1veis\u201d"},"content":{"rendered":"<p>A pedido do deputado S\u00e9rgio Vidigal (PDT-ES), a Comiss\u00e3o de Minas e Energia da C\u00e2mara realiza, nesta quarta-feira (7), uma audi\u00eancia p\u00fablica para debater com especialistas os \u201cIncentivos \u00e0 gera\u00e7\u00e3o de energias renov\u00e1veis\u201d. A reuni\u00e3o acontece no\u00a0Plen\u00e1rio 14, \u00e0s 9h30.<\/p>\n<p>O deputado explica que o fato de o Brasil ser rico em incid\u00eancias de raios, ventos e grande produtor de biomassa, possui \u00a0caracter\u00edsticas naturais favor\u00e1veis para a investimento em fontes de energia renov\u00e1veis.<\/p>\n<p>\u201cO pa\u00eds pode incentivar o aumento da participa\u00e7\u00e3o das fontes e\u00f3lica, biomassa, PCHs e solar fotovoltaica, que, se bem planejadas, provocam impactos ambientais muito menores em rela\u00e7\u00e3o \u00e0s grandes hidrel\u00e9tricas, sem significar aumento de custos\u201d, salientou.<\/p>\n<p>Foram convidados para o debate: representante do Minist\u00e9rio de Minas e Energia;\u00a0Aladim Cerqueira, Secret\u00e1rio de Estado do Meio Ambiente e Recursos H\u00eddricos do Esp\u00edrito Santo \u2013 SEAMA;\u00a0Romeu Donizete Rufino, Diretor-Geral da Ag\u00eancia Nacional de Energia El\u00e9trica \u2013 Aneel;\u00a0Maria Silvia Bastos Marques, Presidente do Banco Nacional de Desenvolvimento Econ\u00f4mico e Social \u2013 BNDES;\u00a0Surya Mendon\u00e7a, Presidente da Empresa Brasileira de Energia Solar \u2013 EBES;\u00a0Maur\u00edcio Voivodic, Diretor-Executivo da WWF-Brasil;\u00a0Rodrigo Lopes Sauaia, Diretor-Executivo da Associa\u00e7\u00e3o Brasileira de Energia Solar Fotovoltaica \u2013 ABSOLAR;\u00a0Elbia Silva Gannoum, Presidente-Executiva da Associa\u00e7\u00e3o Brasileira de Energia E\u00f3lica \u2013 ABEE\u00d3LICA; e\u00a0\u00a0Luiz Augusto de Souza Ferreira, Presidente da Ag\u00eancia Brasileira de Desenvolvimento Industrial (ABDI).<\/p>\n<!-- AddThis Advanced Settings generic via filter on the_content --><!-- AddThis Share Buttons generic via filter on the_content -->","protected":false},"excerpt":{"rendered":"<p>A pedido do deputado S\u00e9rgio Vidigal (PDT-ES), a Comiss\u00e3o de Minas e Energia da C\u00e2mara realiza, nesta quarta-feira (7), uma audi\u00eancia p\u00fablica para debater com especialistas os \u201cIncentivos \u00e0 gera\u00e7\u00e3o de energias renov\u00e1veis\u201d. A reuni\u00e3o acontece no\u00a0Plen\u00e1rio 14, \u00e0s 9h30. O deputado explica que o fato de o Brasil ser rico em incid\u00eancias de raios,&#8230;<!-- AddThis Advanced Settings generic via filter on wp_trim_excerpt --><!-- AddThis Share Buttons generic via filter on wp_trim_excerpt --><\/p>\n","protected":false},"author":17,"featured_media":54261,"comment_status":"closed","ping_status":"closed","sticky":false,"template":"","format":"standard","meta":{"_monsterinsights_skip_tracking":false,"_monsterinsights_sitenote_active":false,"_monsterinsights_sitenote_note":"","_monsterinsights_sitenote_category":0,"_uf_show_specific_survey":0,"_uf_disable_surveys":false,"footnotes":""},"categories":[976],"tags":[2380,2381,38,873],"class_list":["post-54260","post","type-post","status-publish","format-standard","has-post-thumbnail","hentry","category-noticias-em-destaque","tag-energias-renovaveis","tag-fontes-de-energias-renovaveis","tag-pdt","tag-sergio-vidigal"],"acf":[],"_links":{"self":[{"href":"https:\/\/pdt-rj.org.br\/index.php\/wp-json\/wp\/v2\/posts\/54260","targetHints":{"allow":["GET"]}}],"collection":[{"href":"https:\/\/pdt-rj.org.br\/index.php\/wp-json\/wp\/v2\/posts"}],"about":[{"href":"https:\/\/pdt-rj.org.br\/index.php\/wp-json\/wp\/v2\/types\/post"}],"author":[{"embeddable":true,"href":"https:\/\/pdt-rj.org.br\/index.php\/wp-json\/wp\/v2\/users\/17"}],"replies":[{"embeddable":true,"href":"https:\/\/pdt-rj.org.br\/index.php\/wp-json\/wp\/v2\/comments?post=54260"}],"version-history":[{"count":3,"href":"https:\/\/pdt-rj.org.br\/index.php\/wp-json\/wp\/v2\/posts\/54260\/revisions"}],"predecessor-version":[{"id":54264,"href":"https:\/\/pdt-rj.org.br\/index.php\/wp-json\/wp\/v2\/posts\/54260\/revisions\/54264"}],"wp:featuredmedia":[{"embeddable":true,"href":"https:\/\/pdt-rj.org.br\/index.php\/wp-json\/wp\/v2\/media\/54261"}],"wp:attachment":[{"href":"https:\/\/pdt-rj.org.br\/index.php\/wp-json\/wp\/v2\/media?parent=54260"}],"wp:term":[{"taxonomy":"category","embeddable":true,"href":"https:\/\/pdt-rj.org.br\/index.php\/wp-json\/wp\/v2\/categories?post=54260"},{"taxonomy":"post_tag","embeddable":true,"href":"https:\/\/pdt-rj.org.br\/index.php\/wp-json\/wp\/v2\/tags?post=54260"}],"curies":[{"name":"wp","href":"https:\/\/api.w.org\/{rel}","templated":true}]}}