{"id":54250,"date":"2017-06-05T15:15:54","date_gmt":"2017-06-05T18:15:54","guid":{"rendered":"http:\/\/pdt-rj.org.br\/?p=54250"},"modified":"2017-06-12T20:05:01","modified_gmt":"2017-06-12T23:05:01","slug":"partidos-lancam-frente-suprapartidaria-pelas-diretas-ja","status":"publish","type":"post","link":"https:\/\/pdt-rj.org.br\/index.php\/partidos-lancam-frente-suprapartidaria-pelas-diretas-ja\/","title":{"rendered":"Partidos lan\u00e7am Frente Suprapartid\u00e1ria pelas Diretas J\u00e1"},"content":{"rendered":"<p>Na pr\u00f3xima quarta-feira (7), \u00e0s 16h, ser\u00e1 lan\u00e7ada a Frente Parlamentar Suprapartid\u00e1ria por elei\u00e7\u00f5es Diretas, no Sal\u00e3o Nobre da C\u00e2mara. Formada por cinco partidos, incluindo PSB, PSOL, PT, PDT e PCdoB, a Frente pretende unir parlamentares de todos os campos pol\u00edticos.<\/p>\n<p>Segundo pesquisa do Instituto Paran\u00e1, 90,6% dos brasileiros querem uma nova elei\u00e7\u00e3o para presidente do Brasil. \u201cO voto do povo \u00e9 o \u00fanico caminho para a reconcilia\u00e7\u00e3o dos brasileiros e para enfrentar a crise com democracia\u201d, afirma o articulador da Frente, senador Jo\u00e3o Capiberibe (PSB-AP). Lupi, por sua vez, afirma que a mobiliza\u00e7\u00e3o popular neste momento \u00e9 fundamental. &#8220;Temos que para as ruas defender elei\u00e7\u00f5es diretas imediatamente&#8221;, afirmou.<\/p>\n<p>O objetivo central \u00e9 somar-se ao protagonismo de artistas, intelectuais e sociedade civil organizada pelas Diretas J\u00e1. Al\u00e9m disso, fortalecer a press\u00e3o sobre o Congresso para aprovar a Proposta de Emenda 227\/16, que visa alterar a Constitui\u00e7\u00e3o para garantir que elei\u00e7\u00f5es diretas sejam convocadas em caso de vac\u00e2ncia do cargo de presidente da Rep\u00fablica at\u00e9 seis meses antes do fim do mandato.<\/p>\n<p>No Senado, a Comiss\u00e3o de Constitui\u00e7\u00e3o, Justi\u00e7a e Cidadania (CCJ) aprovou, por unanimidade, no \u00faltimo dia 31 de maio, uma proposta semelhante, que tamb\u00e9m garante a convoca\u00e7\u00e3o de elei\u00e7\u00f5es diretas em caso de vac\u00e2ncia.<\/p>\n<p><strong>Servi\u00e7o:<\/strong><br \/>\nLan\u00e7amento da Frente Parlamentar Suprapartid\u00e1ria por elei\u00e7\u00f5es Diretas J\u00e1<br \/>\nQuando: Dia 07\/06\/2017 (Quarta-feira)<br \/>\nOnde: Sal\u00e3o Nobre da C\u00e2mara dos Deputados<br \/>\nHor\u00e1rio: 16h<\/p>\n<!-- AddThis Advanced Settings generic via filter on the_content --><!-- AddThis Share Buttons generic via filter on the_content -->","protected":false},"excerpt":{"rendered":"<p>Na pr\u00f3xima quarta-feira (7), \u00e0s 16h, ser\u00e1 lan\u00e7ada a Frente Parlamentar Suprapartid\u00e1ria por elei\u00e7\u00f5es Diretas, no Sal\u00e3o Nobre da C\u00e2mara. Formada por cinco partidos, incluindo PSB, PSOL, PT, PDT e PCdoB, a Frente pretende unir parlamentares de todos os campos pol\u00edticos. Segundo pesquisa do Instituto Paran\u00e1, 90,6% dos brasileiros querem uma nova elei\u00e7\u00e3o para presidente&#8230;<!-- AddThis Advanced Settings generic via filter on wp_trim_excerpt --><!-- AddThis Share Buttons generic via filter on wp_trim_excerpt --><\/p>\n","protected":false},"author":17,"featured_media":54253,"comment_status":"closed","ping_status":"closed","sticky":false,"template":"","format":"standard","meta":{"_monsterinsights_skip_tracking":false,"_monsterinsights_sitenote_active":false,"_monsterinsights_sitenote_note":"","_monsterinsights_sitenote_category":0,"_uf_show_specific_survey":0,"_uf_disable_surveys":false,"footnotes":""},"categories":[1390,1459],"tags":[],"class_list":["post-54250","post","type-post","status-publish","format-standard","has-post-thumbnail","hentry","category-editorias","category-congresso"],"acf":[],"_links":{"self":[{"href":"https:\/\/pdt-rj.org.br\/index.php\/wp-json\/wp\/v2\/posts\/54250","targetHints":{"allow":["GET"]}}],"collection":[{"href":"https:\/\/pdt-rj.org.br\/index.php\/wp-json\/wp\/v2\/posts"}],"about":[{"href":"https:\/\/pdt-rj.org.br\/index.php\/wp-json\/wp\/v2\/types\/post"}],"author":[{"embeddable":true,"href":"https:\/\/pdt-rj.org.br\/index.php\/wp-json\/wp\/v2\/users\/17"}],"replies":[{"embeddable":true,"href":"https:\/\/pdt-rj.org.br\/index.php\/wp-json\/wp\/v2\/comments?post=54250"}],"version-history":[{"count":9,"href":"https:\/\/pdt-rj.org.br\/index.php\/wp-json\/wp\/v2\/posts\/54250\/revisions"}],"predecessor-version":[{"id":54336,"href":"https:\/\/pdt-rj.org.br\/index.php\/wp-json\/wp\/v2\/posts\/54250\/revisions\/54336"}],"wp:featuredmedia":[{"embeddable":true,"href":"https:\/\/pdt-rj.org.br\/index.php\/wp-json\/wp\/v2\/media\/54253"}],"wp:attachment":[{"href":"https:\/\/pdt-rj.org.br\/index.php\/wp-json\/wp\/v2\/media?parent=54250"}],"wp:term":[{"taxonomy":"category","embeddable":true,"href":"https:\/\/pdt-rj.org.br\/index.php\/wp-json\/wp\/v2\/categories?post=54250"},{"taxonomy":"post_tag","embeddable":true,"href":"https:\/\/pdt-rj.org.br\/index.php\/wp-json\/wp\/v2\/tags?post=54250"}],"curies":[{"name":"wp","href":"https:\/\/api.w.org\/{rel}","templated":true}]}}