{"id":54219,"date":"2017-05-31T17:12:04","date_gmt":"2017-05-31T20:12:04","guid":{"rendered":"http:\/\/pdt-rj.org.br\/?p=54219"},"modified":"2017-06-12T20:08:03","modified_gmt":"2017-06-12T23:08:03","slug":"pdt-vai-levar-campanhas-pelas-diretas-ja-para-estados","status":"publish","type":"post","link":"https:\/\/pdt-rj.org.br\/index.php\/pdt-vai-levar-campanhas-pelas-diretas-ja-para-estados\/","title":{"rendered":"PDT vai levar campanhas pelas Diretas J\u00e1 para estados"},"content":{"rendered":"<p>Em reuni\u00e3o com a bancada do partido na C\u00e2mara, o presidente nacional do PDT, Carlos Lupi, reafirmou a decis\u00e3o do partido de trabalhar \u2013 n\u00e3o s\u00f3 no parlamento \u2013 mas em todos os estados brasileiros pela aprova\u00e7\u00e3o da PEC das Diretas J\u00e1. O encontro foi na sede nacional do partido, em Bras\u00edlia.<\/p>\n<p>A defesa intransigente de elei\u00e7\u00f5es diretas para a Presid\u00eancia da Rep\u00fablica, depois de confirmada a queda de Temer, vai ao encontro de pesquisa do Instituto Paran\u00e1, publicada no jornal \u201cEstado de S\u00e3o Paulo\u201d nesta quarta-feira, de que 90% dos entrevistados s\u00e3o a favor da medida. A pesquisa, <a href=\"http:\/\/www.valor.com.br\/politica\/4987352\/mais-de-90-dos-brasileiros-querem-eleicoes-diretas-segundo-jornal\">publicada aqui<\/a>, mostra tamb\u00e9m que Temer \u00e9 rejeitado por 84% dos entrevistados.<\/p>\n<p>Nesta quarta-feira tamb\u00e9m a Comiss\u00e3o de Constitui\u00e7\u00e3o e Justi\u00e7a do Senado aprovou por unanimidade nesta quarta-feira (31) a Proposta de Emenda \u00e0 Constitui\u00e7\u00e3o (PEC) que estabelece elei\u00e7\u00f5es diretas se a Presid\u00eancia da Rep\u00fablica ficar vaga nos tr\u00eas primeiros anos do mandato. A elei\u00e7\u00e3o direta ocorreria caso os cargos de presidente e vice-presidente fiquem vagos. A mat\u00e9ria agora ser\u00e1 submetida ao plen\u00e1rio do Senado. A C\u00e2mara discute proposta nesta mesma linha, mas com tramita\u00e7\u00e3o mais lenta.<\/p>\n<p>\u201cNosso encontro de hoje est\u00e1 totalmente em conson\u00e2ncia com as ruas. Combinamos hoje de que cada deputado ir\u00e1 engrossar o coro das diretas em seus estados, pressionando deste jeito o Parlamento a tomar a decis\u00e3o de aprovar a PEC\u201d, afirmou Lupi.<\/p>\n<p>&nbsp;<\/p>\n<p>&nbsp;<\/p>\n<!-- AddThis Advanced Settings generic via filter on the_content --><!-- AddThis Share Buttons generic via filter on the_content -->","protected":false},"excerpt":{"rendered":"<p>Em reuni\u00e3o com a bancada do partido na C\u00e2mara, o presidente nacional do PDT, Carlos Lupi, reafirmou a decis\u00e3o do partido de trabalhar \u2013 n\u00e3o s\u00f3 no parlamento \u2013 mas em todos os estados brasileiros pela aprova\u00e7\u00e3o da PEC das Diretas J\u00e1. O encontro foi na sede nacional do partido, em Bras\u00edlia. A defesa intransigente&#8230;<!-- AddThis Advanced Settings generic via filter on wp_trim_excerpt --><!-- AddThis Share Buttons generic via filter on wp_trim_excerpt --><\/p>\n","protected":false},"author":17,"featured_media":54220,"comment_status":"closed","ping_status":"closed","sticky":false,"template":"","format":"standard","meta":{"_monsterinsights_skip_tracking":false,"_monsterinsights_sitenote_active":false,"_monsterinsights_sitenote_note":"","_monsterinsights_sitenote_category":0,"_uf_show_specific_survey":0,"_uf_disable_surveys":false,"footnotes":""},"categories":[1390,1459],"tags":[196,2344,38],"class_list":["post-54219","post","type-post","status-publish","format-standard","has-post-thumbnail","hentry","category-editorias","category-congresso","tag-carlos-lupi","tag-diretas-ja","tag-pdt"],"acf":[],"_links":{"self":[{"href":"https:\/\/pdt-rj.org.br\/index.php\/wp-json\/wp\/v2\/posts\/54219","targetHints":{"allow":["GET"]}}],"collection":[{"href":"https:\/\/pdt-rj.org.br\/index.php\/wp-json\/wp\/v2\/posts"}],"about":[{"href":"https:\/\/pdt-rj.org.br\/index.php\/wp-json\/wp\/v2\/types\/post"}],"author":[{"embeddable":true,"href":"https:\/\/pdt-rj.org.br\/index.php\/wp-json\/wp\/v2\/users\/17"}],"replies":[{"embeddable":true,"href":"https:\/\/pdt-rj.org.br\/index.php\/wp-json\/wp\/v2\/comments?post=54219"}],"version-history":[{"count":5,"href":"https:\/\/pdt-rj.org.br\/index.php\/wp-json\/wp\/v2\/posts\/54219\/revisions"}],"predecessor-version":[{"id":54337,"href":"https:\/\/pdt-rj.org.br\/index.php\/wp-json\/wp\/v2\/posts\/54219\/revisions\/54337"}],"wp:featuredmedia":[{"embeddable":true,"href":"https:\/\/pdt-rj.org.br\/index.php\/wp-json\/wp\/v2\/media\/54220"}],"wp:attachment":[{"href":"https:\/\/pdt-rj.org.br\/index.php\/wp-json\/wp\/v2\/media?parent=54219"}],"wp:term":[{"taxonomy":"category","embeddable":true,"href":"https:\/\/pdt-rj.org.br\/index.php\/wp-json\/wp\/v2\/categories?post=54219"},{"taxonomy":"post_tag","embeddable":true,"href":"https:\/\/pdt-rj.org.br\/index.php\/wp-json\/wp\/v2\/tags?post=54219"}],"curies":[{"name":"wp","href":"https:\/\/api.w.org\/{rel}","templated":true}]}}