{"id":54213,"date":"2017-05-31T11:19:10","date_gmt":"2017-05-31T14:19:10","guid":{"rendered":"http:\/\/pdt-rj.org.br\/?p=54213"},"modified":"2017-06-08T14:18:20","modified_gmt":"2017-06-08T17:18:20","slug":"reforma-politica","status":"publish","type":"post","link":"https:\/\/pdt-rj.org.br\/index.php\/reforma-politica\/","title":{"rendered":"Reforma pol\u00edtica"},"content":{"rendered":"<p>A fal\u00eancia do sistema pol\u00edtico brasileiro tem suas digitais na desmoraliza\u00e7\u00e3o do exerc\u00edcio pol\u00edtico, no enfraquecimento dos partidos, e na personifica\u00e7\u00e3o exacerbada dos agentes p\u00fablicos.<\/p>\n<p>Desprovido paulatinamente das acep\u00e7\u00f5es de conte\u00fado, voltando-se irresponsavelmente para o pragmatismo despossu\u00eddo de lastro, sofremos pela falta de um projeto nacional de desenvolvimento social e econ\u00f4mico, tornando-nos presas f\u00e1ceis do neoliberalismo, do desmonte do Estado e da supress\u00e3o de direitos.<\/p>\n<p>\u00c9 urgente que se fa\u00e7a a Reforma das Reformas, ou seja, a pol\u00edtica.<\/p>\n<p>Importante compreendermos que a democracia \u00e9 um regime de conquistas, e que n\u00e3o h\u00e1 melhor regime. Ela por si s\u00f3 tem seu pre\u00e7o.<\/p>\n<p>Base incontroversa da enfermidade institucional, da crise \u00e9tica e moral que o Brasil atravessa, est\u00e1 no financiamento das campanhas eleitorais que se transformaram em shows convenientes de n\u00e3o se discutir e debater os rumos da na\u00e7\u00e3o.<\/p>\n<p>O financiamento p\u00fablico das campanhas eleitorais \u00e9 o pre\u00e7o para a manuten\u00e7\u00e3o da democracia. N\u00e3o \u00e9 poss\u00edvel verificarmos bancadas de empresa A ou B, de interesses inconfess\u00e1veis, de acordos esp\u00farios financiarem parte de nosso Congresso Nacional. Entender que o valor democr\u00e1tico \u00e9 n\u00e3o ser ref\u00e9m de oligop\u00f3lios empresariais, muito dos quais sem interesses p\u00e1trios.<\/p>\n<p>Componentes fundamentais na democracia s\u00e3o os partidos pol\u00edticos. As campanhas insensatas da desconstru\u00e7\u00e3o e criminaliza\u00e7\u00e3o dos partidos levar\u00e3o ao autoritarismo e fascismo do pensamento \u00fanico.<\/p>\n<p>O fim das coliga\u00e7\u00f5es proporcionais, a cl\u00e1usula de barreira, e o sistema de lista, t\u00eam como finalidade o fortalecimento dos partidos e, consequentemente, do revigoramento da democracia e de nossas institui\u00e7\u00f5es.<\/p>\n<p>Instrumento essencial da intera\u00e7\u00e3o entre o cidad\u00e3o e o poder estatal, os partidos pol\u00edticos carregam em si o seu conte\u00fado program\u00e1tico, que \u00e9 a sua ideologia e sua raz\u00e3o de exist\u00eancia, a trag\u00e9dia da desideologiza\u00e7\u00e3o \u00e9 umas das causas graves da fal\u00eancia do nosso sistema.<\/p>\n<p>O voto em lista, a m\u00e9dio e longo prazo, fortalecer\u00e1 o lastro program\u00e1tico ideol\u00f3gico dos partidos com a sociedade.<\/p>\n<p>Substituir\u00e1 o voto em personalidades por voto em ideias e projetos.<\/p>\n<p>N\u00e3o podemos mais adiar essa reforma t\u00e3o essencial para o resgate democr\u00e1tico em nossa sociedade.<\/p>\n<p>A reforma pol\u00edtica se torna, a cada dia, mais imprescind\u00edvel, uma vez que as marginaliza\u00e7\u00f5es da pol\u00edtica e das institui\u00e7\u00f5es n\u00e3o servem ao povo brasileiro.<\/p>\n<p>&nbsp;<\/p>\n<p><em><strong>*Manoel Dias \u00e9 ex-Ministro do Trabalho e Emprego, atual Presidente da Funda\u00e7\u00e3o Leonel Brizola \u2013 Alberto Pasqualini e Secret\u00e1rio-Geral Nacional do PDT.<\/strong><\/em><\/p>\n<!-- AddThis Advanced Settings generic via filter on the_content --><!-- AddThis Share Buttons generic via filter on the_content -->","protected":false},"excerpt":{"rendered":"<p>A fal\u00eancia do sistema pol\u00edtico brasileiro tem suas digitais na desmoraliza\u00e7\u00e3o do exerc\u00edcio pol\u00edtico, no enfraquecimento dos partidos, e na personifica\u00e7\u00e3o exacerbada dos agentes p\u00fablicos. Desprovido paulatinamente das acep\u00e7\u00f5es de conte\u00fado, voltando-se irresponsavelmente para o pragmatismo despossu\u00eddo de lastro, sofremos pela falta de um projeto nacional de desenvolvimento social e econ\u00f4mico, tornando-nos presas f\u00e1ceis do&#8230;<!-- AddThis Advanced Settings generic via filter on wp_trim_excerpt --><!-- AddThis Share Buttons generic via filter on wp_trim_excerpt --><\/p>\n","protected":false},"author":17,"featured_media":54217,"comment_status":"closed","ping_status":"closed","sticky":false,"template":"","format":"standard","meta":{"_monsterinsights_skip_tracking":false,"_monsterinsights_sitenote_active":false,"_monsterinsights_sitenote_note":"","_monsterinsights_sitenote_category":0,"_uf_show_specific_survey":0,"_uf_disable_surveys":false,"footnotes":""},"categories":[1584,1390],"tags":[591,38,1740,2372,2373],"class_list":["post-54213","post","type-post","status-publish","format-standard","has-post-thumbnail","hentry","category-artigos","category-editorias","tag-manoel-dias","tag-pdt","tag-reforma-politica","tag-resgate-democratico","tag-voto-em-lista"],"acf":[],"_links":{"self":[{"href":"https:\/\/pdt-rj.org.br\/index.php\/wp-json\/wp\/v2\/posts\/54213","targetHints":{"allow":["GET"]}}],"collection":[{"href":"https:\/\/pdt-rj.org.br\/index.php\/wp-json\/wp\/v2\/posts"}],"about":[{"href":"https:\/\/pdt-rj.org.br\/index.php\/wp-json\/wp\/v2\/types\/post"}],"author":[{"embeddable":true,"href":"https:\/\/pdt-rj.org.br\/index.php\/wp-json\/wp\/v2\/users\/17"}],"replies":[{"embeddable":true,"href":"https:\/\/pdt-rj.org.br\/index.php\/wp-json\/wp\/v2\/comments?post=54213"}],"version-history":[{"count":6,"href":"https:\/\/pdt-rj.org.br\/index.php\/wp-json\/wp\/v2\/posts\/54213\/revisions"}],"predecessor-version":[{"id":54308,"href":"https:\/\/pdt-rj.org.br\/index.php\/wp-json\/wp\/v2\/posts\/54213\/revisions\/54308"}],"wp:featuredmedia":[{"embeddable":true,"href":"https:\/\/pdt-rj.org.br\/index.php\/wp-json\/wp\/v2\/media\/54217"}],"wp:attachment":[{"href":"https:\/\/pdt-rj.org.br\/index.php\/wp-json\/wp\/v2\/media?parent=54213"}],"wp:term":[{"taxonomy":"category","embeddable":true,"href":"https:\/\/pdt-rj.org.br\/index.php\/wp-json\/wp\/v2\/categories?post=54213"},{"taxonomy":"post_tag","embeddable":true,"href":"https:\/\/pdt-rj.org.br\/index.php\/wp-json\/wp\/v2\/tags?post=54213"}],"curies":[{"name":"wp","href":"https:\/\/api.w.org\/{rel}","templated":true}]}}