{"id":54180,"date":"2017-05-26T14:32:16","date_gmt":"2017-05-26T17:32:16","guid":{"rendered":"http:\/\/pdt-rj.org.br\/?p=54180"},"modified":"2017-05-26T14:32:16","modified_gmt":"2017-05-26T17:32:16","slug":"amazonenses-celebram-37-anos-de-historia-do-pdt","status":"publish","type":"post","link":"https:\/\/pdt-rj.org.br\/index.php\/amazonenses-celebram-37-anos-de-historia-do-pdt\/","title":{"rendered":"Amazonenses celebram 37 anos de hist\u00f3ria do PDT"},"content":{"rendered":"<p>Militantes e parlamentares do PDT comemoram, nessa quinta-feira (25), o anivers\u00e1rio de 37 anos do PDT em Sess\u00e3o Sole na C\u00e2mara Municipal de Manaus (CMM). De autoria do vereador Diego Afonso, presidente municipal do PDT, o objetivo da\u00a0iniciativa foi contemplar o partido que, desde a sua funda\u00e7\u00e3o, marcou hist\u00f3ria defendendo o trabalhador brasileiro e uma educa\u00e7\u00e3o de qualidade.\u00a0\u00a0participa\u00e7\u00e3o de partid\u00e1rios da capital e do interior do Amazonas e autoridades locais.<\/p>\n<p>\u201c\u00c9 um partido que tem tradi\u00e7\u00e3o pol\u00edtica e nos enche de orgulho. Essa sess\u00e3o solene faz parte desse processo de mudan\u00e7a, reestrutura\u00e7\u00e3o que o partido vem passando tanto nacionalmente como local. O partido merece todas as honrarias por tudo que fez pelo pa\u00eds\u201d, frisou Diego Afonso.<\/p>\n<p>Para o vice-presidente do partido, deputado estadual Adjuto Afonso, o PDT mostra ao povo brasileiro ser uma sigla \u00edntegra, sem ser citada em nenhum esquema de corrup\u00e7\u00e3o nos \u00faltimos tempos.<\/p>\n<p>\u201cIsso demonstra que o partido aposta na \u00e9tica na pol\u00edtica, na honestidade. \u00c9 poss\u00edvel fazer a boa pol\u00edtica, com o interesse popular. N\u00f3s, do PDT, estamos construindo um partido cada vez mais forte aqui no Amazonas, similar ao que ocorrer no Sul e Sudeste do pa\u00eds. Nossa inten\u00e7\u00e3o \u00e9 aumentar e qualificar ainda mais o quadro pol\u00edtico que hoje nos enche de orgulho. Espera passar mais 40 anos, 50 anos neste partido que nos recebeu muito bem\u201d\u201d, declarou.<\/p>\n<p><strong>Elei\u00e7\u00f5es suplementares<\/strong><br \/>\nO segundo vice-presidente do PDT, Stones Machado, exaltou o atual quadro pol\u00edtico do partido e ressaltou que a legenda segue pronta para as elei\u00e7\u00f5es suplementares para o cargo de governador do Amazonas. \u201c<\/p>\n<p>Nossa milit\u00e2ncia e quadro pol\u00edtica s\u00e3o \u00f3timos. Temos parlamentares de qualidade, como o presidente Hissa, o deputado Adjuto e o vereador Diego, que est\u00e3o empenhados na dire\u00e7\u00e3o do partido. E ressalto ainda a import\u00e2ncia do nosso ilustre militante e ex-governador do Estado, Amazonino Mendes, que \u00e9 o maior nome do partido para disputar as elei\u00e7\u00f5es suplementares. Sem sombra de d\u00favidas, \u00e9 o maior estadista que o Amazonas j\u00e1 teve. Ou seja, temos nomes da pr\u00f3pria casa que podem disputar as elei\u00e7\u00f5es\u201d, disse.<\/p>\n<p><strong>Milit\u00e2ncia<\/strong><br \/>\nEstiverem presentes na Sess\u00e3o Solene membros dos diret\u00f3rios dos munic\u00edpios de presidente Figueiredo, Autazes, Careiro Castanho, Iranduba, Parintins, entre outras cidades, al\u00e9m dos l\u00edderes dos movimentos das Mulheres, Negros, Idosos, Religioso, Diversidade e Juventude.<\/p>\n<!-- AddThis Advanced Settings generic via filter on the_content --><!-- AddThis Share Buttons generic via filter on the_content -->","protected":false},"excerpt":{"rendered":"<p>Militantes e parlamentares do PDT comemoram, nessa quinta-feira (25), o anivers\u00e1rio de 37 anos do PDT em Sess\u00e3o Sole na C\u00e2mara Municipal de Manaus (CMM). De autoria do vereador Diego Afonso, presidente municipal do PDT, o objetivo da\u00a0iniciativa foi contemplar o partido que, desde a sua funda\u00e7\u00e3o, marcou hist\u00f3ria defendendo o trabalhador brasileiro e uma&#8230;<!-- AddThis Advanced Settings generic via filter on wp_trim_excerpt --><!-- AddThis Share Buttons generic via filter on wp_trim_excerpt --><\/p>\n","protected":false},"author":17,"featured_media":54181,"comment_status":"closed","ping_status":"closed","sticky":false,"template":"","format":"standard","meta":{"_monsterinsights_skip_tracking":false,"_monsterinsights_sitenote_active":false,"_monsterinsights_sitenote_note":"","_monsterinsights_sitenote_category":0,"_uf_show_specific_survey":0,"_uf_disable_surveys":false,"footnotes":""},"categories":[1390],"tags":[1126,2365,462,892],"class_list":["post-54180","post","type-post","status-publish","format-standard","has-post-thumbnail","hentry","category-editorias","tag-adjuto-afonso","tag-amazonino-mendes","tag-hissa-abrahao","tag-stones-machado"],"acf":[],"_links":{"self":[{"href":"https:\/\/pdt-rj.org.br\/index.php\/wp-json\/wp\/v2\/posts\/54180","targetHints":{"allow":["GET"]}}],"collection":[{"href":"https:\/\/pdt-rj.org.br\/index.php\/wp-json\/wp\/v2\/posts"}],"about":[{"href":"https:\/\/pdt-rj.org.br\/index.php\/wp-json\/wp\/v2\/types\/post"}],"author":[{"embeddable":true,"href":"https:\/\/pdt-rj.org.br\/index.php\/wp-json\/wp\/v2\/users\/17"}],"replies":[{"embeddable":true,"href":"https:\/\/pdt-rj.org.br\/index.php\/wp-json\/wp\/v2\/comments?post=54180"}],"version-history":[{"count":1,"href":"https:\/\/pdt-rj.org.br\/index.php\/wp-json\/wp\/v2\/posts\/54180\/revisions"}],"predecessor-version":[{"id":54182,"href":"https:\/\/pdt-rj.org.br\/index.php\/wp-json\/wp\/v2\/posts\/54180\/revisions\/54182"}],"wp:featuredmedia":[{"embeddable":true,"href":"https:\/\/pdt-rj.org.br\/index.php\/wp-json\/wp\/v2\/media\/54181"}],"wp:attachment":[{"href":"https:\/\/pdt-rj.org.br\/index.php\/wp-json\/wp\/v2\/media?parent=54180"}],"wp:term":[{"taxonomy":"category","embeddable":true,"href":"https:\/\/pdt-rj.org.br\/index.php\/wp-json\/wp\/v2\/categories?post=54180"},{"taxonomy":"post_tag","embeddable":true,"href":"https:\/\/pdt-rj.org.br\/index.php\/wp-json\/wp\/v2\/tags?post=54180"}],"curies":[{"name":"wp","href":"https:\/\/api.w.org\/{rel}","templated":true}]}}