{"id":54171,"date":"2017-05-26T12:17:22","date_gmt":"2017-05-26T15:17:22","guid":{"rendered":"http:\/\/pdt-rj.org.br\/?p=54171"},"modified":"2017-06-17T22:54:37","modified_gmt":"2017-06-18T01:54:37","slug":"pdt-lutando-pelo-brasil-no-passado-presente-e-futuro","status":"publish","type":"post","link":"https:\/\/pdt-rj.org.br\/index.php\/pdt-lutando-pelo-brasil-no-passado-presente-e-futuro\/","title":{"rendered":"PDT, lutando pelo Brasil no passado, presente e futuro"},"content":{"rendered":"<p>O PDT completa 37 anos de funda\u00e7\u00e3o e \u00e9 hoje um partido que re\u00fane hist\u00f3ria, experi\u00eancia, ao mesmo tempo em que tem vigor e juventude. Os ideais trabalhistas que nortearam a cria\u00e7\u00e3o do PDT, em 26 de maio de 1980, est\u00e3o mais atuais que nunca. E nossa bandeira de crescimento econ\u00f4mico por meio da valoriza\u00e7\u00e3o do trabalho e do investimento na educa\u00e7\u00e3o mostra-se, cada vez mais, com a \u00fanica sa\u00edda para o Brasil.<\/p>\n<p>Sou militante do trabalhismo desde minha juventude. O PDT foi o primeiro e \u00fanico partido ao qual me filiei. Em tantos anos, convivi com quadros hist\u00f3ricos da maior relev\u00e2ncia para o Pa\u00eds, como Leonel Brizola, Jackson Lago e Neiva Moreira. Testemunhei a fidelidade aos ideais partid\u00e1rios nos mais diversos momentos pol\u00edticos. E aprendi com eles que n\u00e3o \u00e9 poss\u00edvel se omitir diante das quest\u00f5es mais importantes para o povo.<\/p>\n<p>O PDT tem hoje uma posi\u00e7\u00e3o muito clara no Maranh\u00e3o e no Brasil. No estado apoiamos um projeto de renova\u00e7\u00e3o e desenvolvimento inclusivo. No Pa\u00eds lutamos contra as tentativas de retrocessos em direitos importantes conquistados, como leis que mant\u00eam o equil\u00edbrio das rela\u00e7\u00f5es trabalhistas e o direito a uma Previd\u00eancia Social que alcance todos os setores da sociedade.<\/p>\n<p>Nossa bandeira tamb\u00e9m \u00e9 a preserva\u00e7\u00e3o da democracia e da normalidade institucional. No meio da crise que enfrentamos, o PDT tem tido um protagonismo, junto a outros partidos de oposi\u00e7\u00e3o, na defesa intransigente da legalidade constitucional e do direito \u00e0 participa\u00e7\u00e3o popular.<\/p>\n<p>Como l\u00edder do PDT na C\u00e2mara dos Deputados, protocolei, junto com outros cinco partidos, um pedido de impeachment contra o presidente Michel Temer, por crime de responsabilidade, ao negligenciar seu dever de relatar crimes confessados em um encontro pouco republicano com um investigado da Lava-Jato, tarde da noite e fora da agenda, e pela suspeita de ele mesmo participar de um crime de corrup\u00e7\u00e3o.<\/p>\n<p>Tamb\u00e9m defendo, em conjunto com toda a bancada federal pedetista, a realiza\u00e7\u00e3o de elei\u00e7\u00f5es diretas para o substituto de Michel Temer. Entendemos que nesse momento a melhor sa\u00edda para a crise \u00e9 devolver ao povo o direito de se manifestar sobre quem deve comandar o Pa\u00eds.<\/p>\n<p>Para al\u00e9m da crise, o PDT tamb\u00e9m tem um projeto de fortalecer a economia por meio do incentivo \u00e0 produ\u00e7\u00e3o, com gera\u00e7\u00e3o de emprego e renda, com educa\u00e7\u00e3o plena para que todos possam ter oportunidades iguais.<\/p>\n<p>S\u00e3o 37 anos de uma longa caminhada, que, no entanto, ainda est\u00e1 s\u00f3 no come\u00e7o. Ainda ajudaremos a construir muitos novos momentos da hist\u00f3ria do Brasil. E o PDT permanecer\u00e1 incans\u00e1vel na luta para que o futuro seja melhor para nossa gente.<\/p>\n<p>&nbsp;<\/p>\n<p><strong><em>*Weverton Rocha \u00e9\u00a0deputado federal e l\u00edder do PDT na C\u00e2mara dos Deputados<\/em><\/strong><\/p>\n<!-- AddThis Advanced Settings generic via filter on the_content --><!-- AddThis Share Buttons generic via filter on the_content -->","protected":false},"excerpt":{"rendered":"<p>O PDT completa 37 anos de funda\u00e7\u00e3o e \u00e9 hoje um partido que re\u00fane hist\u00f3ria, experi\u00eancia, ao mesmo tempo em que tem vigor e juventude. Os ideais trabalhistas que nortearam a cria\u00e7\u00e3o do PDT, em 26 de maio de 1980, est\u00e3o mais atuais que nunca. E nossa bandeira de crescimento econ\u00f4mico por meio da valoriza\u00e7\u00e3o&#8230;<!-- AddThis Advanced Settings generic via filter on wp_trim_excerpt --><!-- AddThis Share Buttons generic via filter on wp_trim_excerpt --><\/p>\n","protected":false},"author":17,"featured_media":54172,"comment_status":"closed","ping_status":"closed","sticky":false,"template":"","format":"standard","meta":{"_monsterinsights_skip_tracking":false,"_monsterinsights_sitenote_active":false,"_monsterinsights_sitenote_note":"","_monsterinsights_sitenote_category":0,"_uf_show_specific_survey":0,"_uf_disable_surveys":false,"footnotes":""},"categories":[1584,1390,1401],"tags":[2364,565,45,38,962],"class_list":["post-54171","post","type-post","status-publish","format-standard","has-post-thumbnail","hentry","category-artigos","category-editorias","category-nacional","tag-jackson-lago","tag-leonel-brizola","tag-neiva-moreira","tag-pdt","tag-weverton-rocha"],"acf":[],"_links":{"self":[{"href":"https:\/\/pdt-rj.org.br\/index.php\/wp-json\/wp\/v2\/posts\/54171","targetHints":{"allow":["GET"]}}],"collection":[{"href":"https:\/\/pdt-rj.org.br\/index.php\/wp-json\/wp\/v2\/posts"}],"about":[{"href":"https:\/\/pdt-rj.org.br\/index.php\/wp-json\/wp\/v2\/types\/post"}],"author":[{"embeddable":true,"href":"https:\/\/pdt-rj.org.br\/index.php\/wp-json\/wp\/v2\/users\/17"}],"replies":[{"embeddable":true,"href":"https:\/\/pdt-rj.org.br\/index.php\/wp-json\/wp\/v2\/comments?post=54171"}],"version-history":[{"count":2,"href":"https:\/\/pdt-rj.org.br\/index.php\/wp-json\/wp\/v2\/posts\/54171\/revisions"}],"predecessor-version":[{"id":54394,"href":"https:\/\/pdt-rj.org.br\/index.php\/wp-json\/wp\/v2\/posts\/54171\/revisions\/54394"}],"wp:featuredmedia":[{"embeddable":true,"href":"https:\/\/pdt-rj.org.br\/index.php\/wp-json\/wp\/v2\/media\/54172"}],"wp:attachment":[{"href":"https:\/\/pdt-rj.org.br\/index.php\/wp-json\/wp\/v2\/media?parent=54171"}],"wp:term":[{"taxonomy":"category","embeddable":true,"href":"https:\/\/pdt-rj.org.br\/index.php\/wp-json\/wp\/v2\/categories?post=54171"},{"taxonomy":"post_tag","embeddable":true,"href":"https:\/\/pdt-rj.org.br\/index.php\/wp-json\/wp\/v2\/tags?post=54171"}],"curies":[{"name":"wp","href":"https:\/\/api.w.org\/{rel}","templated":true}]}}