{"id":54143,"date":"2017-05-26T23:08:21","date_gmt":"2017-05-27T02:08:21","guid":{"rendered":"http:\/\/pdt-rj.org.br\/?p=54143"},"modified":"2020-05-26T14:16:12","modified_gmt":"2020-05-26T17:16:12","slug":"pdt-37-anos-de-vida-oito-decadas-de-historia","status":"publish","type":"post","link":"https:\/\/pdt-rj.org.br\/index.php\/pdt-37-anos-de-vida-oito-decadas-de-historia\/","title":{"rendered":"PDT \u2013 37 anos de vida, oito d\u00e9cadas de hist\u00f3ria"},"content":{"rendered":"<p>H\u00e1 37 anos, Brizola, chorando, rasgava uma folha de papel em rede nacional de televis\u00e3o. Nela havia tr\u00eas letras escritas \u00e0 caneta \u2013 PTB. A cena foi retratada por Carlos Drumond de Andrade desta forma: \u201cVi um homem rasgar o papel em que estavam escritas as tr\u00eas letras que ele tanto amava. Como j\u00e1 vi amantes rasgarem retratos de suas amadas na impossibilidade de rasgarem as pr\u00f3prias amadas\u201d. O trabalhismo se reinventava. Nascia o PDT \u2013 Partido Democr\u00e1tico Trabalhista, em 26 de maio de 1980.<\/p>\n<p>Hoje, comemorando 37 anos de exist\u00eancia, o PDT pode dizer que tem mais tempo de hist\u00f3ria do que de vida. Efetivado em 1980, o embri\u00e3o do partido remonta um per\u00edodo em que o Brasil deixava de ser rural e transformava-se em industrial pelas m\u00e3os de Get\u00falio Vargas e da revolu\u00e7\u00e3o de 1930. A mudan\u00e7a pedia ainda mais aten\u00e7\u00e3o aos trabalhadores do pa\u00eds.<\/p>\n<p>Reestruturadas as institui\u00e7\u00f5es republicanas, surge o PTB (Partido Trabalhista Brasileiro), idealizado pelo pr\u00f3prio Vargas e composto por nomes como Jo\u00e3o Goulart e Leonel Brizola. Da\u00ed em diante, os trabalhistas lutaram e conquistaram direitos, como sal\u00e1rio m\u00ednimo, descanso remunerado, limite de jornada de trabalho e tantos outros. E chegaram ao poder em 1961 com Jango e a busca por justi\u00e7a social. Tr\u00eas anos depois, os militares, com apoio da elite brasileira, encerram o progresso nacional em curso desde a Era Vargas.<\/p>\n<p>De 1964 a 1979, o movimento pol\u00edtico brasileiro foi mantido amorda\u00e7ado, quando n\u00e3o espancado ou assassinado. Jango morreu no ex\u00edlio; Brizola passou 15 anos nele, mas p\u00f4de voltar e reaver o trabalhismo. Inicialmente, tentou recompor o PTB com a edi\u00e7\u00e3o da <a href=\"http:\/\/pdt-rj.org.br\/index.php\/o-pdt\/historia\/\">Carta de Lisboa<\/a> &#8211; documento escrito depois de um encontro realizado, com lideran\u00e7as pol\u00edticas, na capital portuguesa em setembro de 1979. Quando retornou ao Brasil, enfrentou uma disputa acirrada pela sigla contra o grupo de Ivete Vargas. Perdeu a legenda por uma decis\u00e3o &#8211; arbitr\u00e1ria &#8211; do TSE.<\/p>\n<p>Brizola chorou, mas suas l\u00e1grimas regaram a nova flor trabalhista que ali nascia, o PDT. De 1980 em diante, o pa\u00eds voltou a sentir o gosto da luta pelo povo humilde. Em 1982, Brizola se elege pela primeira vez Governador do Rio, e, enfim, inaugura o maior programa de educa\u00e7\u00e3o que o pa\u00eds j\u00e1 experimentou: os <a href=\"http:\/\/pdt-rj.org.br\/index.php\/ciep-comprova-ser-a-melhor-escola-do-brasil\/\">Cieps<\/a>. Foram 517 em todo Estado, que chegaram a abrigar mais de 500 mil crian\u00e7as diariamente, em tempo integral. O sucessor de Brizola, Moreira Franco, fez quest\u00e3o de fechar todos, no primeiro dia de seu governo.<\/p>\n<p>Hoje o pa\u00eds vive uma crise que n\u00e3o vislumbra fim. As reformas trabalhista e previdenci\u00e1ria est\u00e3o sendo empurradas goela abaixo do povo brasileiro por um governo ileg\u00edtimo, tal qual o de 1964. Novamente, a popula\u00e7\u00e3o assiste a usurpa\u00e7\u00e3o de direitos que, assim como outros progressistas, o PDT lutou para assegurar e briga para manter.<\/p>\n<p>Ap\u00f3s 37 anos acreditando e trabalhando por um Brasil mais justo, igualit\u00e1rio e democr\u00e1tico, o PDT chega a atualidade com uma miss\u00e3o: levar o povo ao Planalto por meio da representa\u00e7\u00e3o trabalhista na presid\u00eancia da Rep\u00fablica. E chegou (at\u00e9 passou) a hora do povo voltar a ser representado legitimamente.<\/p>\n<p>O PDT n\u00e3o quer o Ex\u00e9rcito nas ruas, nem a viol\u00eancia indiscriminada contra a popula\u00e7\u00e3o, como tem feito o atual governo Temer para permanecer \u00e0 frente da na\u00e7\u00e3o na marra. Tamb\u00e9m n\u00e3o aceita ver o peso do trabalho nos ombros do povo enquanto os lucros abastecem banqueiros, empres\u00e1rio e corruptos que n\u00e3o conhecem o suor que escorre no rosto de quem produz. O que o trabalhismo deseja, e sempre desejou, \u00e9 ver riqueza repartida, educa\u00e7\u00e3o, sa\u00fade e seguran\u00e7a para todos; um Brasil constru\u00eddo e usufru\u00eddo pelos brasileiros.<\/p>\n<p>Este texto poderia continuar narrando a hist\u00f3ria e os anseios do Partido Democr\u00e1tico Trabalhista em seu 37\u00b0 anivers\u00e1rio. Seriam mais algumas linhas e par\u00e1grafos constru\u00eddos com afinco, sem d\u00favida. Mas nem toda dedica\u00e7\u00e3o do mundo traduziria o sentimento pedetista ante o relato daqueles que fazem diariamente o PDT.<\/p>\n<p>Ent\u00e3o d\u00ea o <em>play<\/em> no v\u00eddeo abaixo, saiba da hist\u00f3ria pelo relato de quem a constr\u00f3i.<\/p>\n<p><iframe loading=\"lazy\" src=\"https:\/\/www.youtube.com\/embed\/fufcwpS8FJQ\" width=\"560\" height=\"315\" frameborder=\"0\" allowfullscreen=\"allowfullscreen\"><\/iframe><\/p>\n<!-- AddThis Advanced Settings generic via filter on the_content --><!-- AddThis Share Buttons generic via filter on the_content -->","protected":false},"excerpt":{"rendered":"<p>H\u00e1 37 anos, Brizola, chorando, rasgava uma folha de papel em rede nacional de televis\u00e3o. Nela havia tr\u00eas letras escritas \u00e0 caneta \u2013 PTB. A cena foi retratada por Carlos Drumond de Andrade desta forma: \u201cVi um homem rasgar o papel em que estavam escritas as tr\u00eas letras que ele tanto amava. Como j\u00e1 vi&#8230;<!-- AddThis Advanced Settings generic via filter on wp_trim_excerpt --><!-- AddThis Share Buttons generic via filter on wp_trim_excerpt --><\/p>\n","protected":false},"author":17,"featured_media":54145,"comment_status":"closed","ping_status":"closed","sticky":false,"template":"","format":"standard","meta":{"_monsterinsights_skip_tracking":false,"_monsterinsights_sitenote_active":false,"_monsterinsights_sitenote_note":"","_monsterinsights_sitenote_category":0,"_uf_show_specific_survey":0,"_uf_disable_surveys":false,"footnotes":""},"categories":[1390,1401],"tags":[2359,2360,38,46],"class_list":["post-54143","post","type-post","status-publish","format-standard","has-post-thumbnail","hentry","category-editorias","category-nacional","tag-37-anos","tag-aniversario","tag-pdt","tag-trabalhismo"],"acf":[],"_links":{"self":[{"href":"https:\/\/pdt-rj.org.br\/index.php\/wp-json\/wp\/v2\/posts\/54143","targetHints":{"allow":["GET"]}}],"collection":[{"href":"https:\/\/pdt-rj.org.br\/index.php\/wp-json\/wp\/v2\/posts"}],"about":[{"href":"https:\/\/pdt-rj.org.br\/index.php\/wp-json\/wp\/v2\/types\/post"}],"author":[{"embeddable":true,"href":"https:\/\/pdt-rj.org.br\/index.php\/wp-json\/wp\/v2\/users\/17"}],"replies":[{"embeddable":true,"href":"https:\/\/pdt-rj.org.br\/index.php\/wp-json\/wp\/v2\/comments?post=54143"}],"version-history":[{"count":11,"href":"https:\/\/pdt-rj.org.br\/index.php\/wp-json\/wp\/v2\/posts\/54143\/revisions"}],"predecessor-version":[{"id":59712,"href":"https:\/\/pdt-rj.org.br\/index.php\/wp-json\/wp\/v2\/posts\/54143\/revisions\/59712"}],"wp:featuredmedia":[{"embeddable":true,"href":"https:\/\/pdt-rj.org.br\/index.php\/wp-json\/wp\/v2\/media\/54145"}],"wp:attachment":[{"href":"https:\/\/pdt-rj.org.br\/index.php\/wp-json\/wp\/v2\/media?parent=54143"}],"wp:term":[{"taxonomy":"category","embeddable":true,"href":"https:\/\/pdt-rj.org.br\/index.php\/wp-json\/wp\/v2\/categories?post=54143"},{"taxonomy":"post_tag","embeddable":true,"href":"https:\/\/pdt-rj.org.br\/index.php\/wp-json\/wp\/v2\/tags?post=54143"}],"curies":[{"name":"wp","href":"https:\/\/api.w.org\/{rel}","templated":true}]}}