{"id":54131,"date":"2017-05-24T20:42:06","date_gmt":"2017-05-24T23:42:06","guid":{"rendered":"http:\/\/pdt-rj.org.br\/?p=54131"},"modified":"2017-05-24T20:53:26","modified_gmt":"2017-05-24T23:53:26","slug":"oportunidades-de-trabalho","status":"publish","type":"post","link":"https:\/\/pdt-rj.org.br\/index.php\/oportunidades-de-trabalho\/","title":{"rendered":"\u201cOportunidades de trabalho\u201d"},"content":{"rendered":"<p>Num futuro bem pr\u00f3ximo, surgir\u00e3o ind\u00fastrias com poucos oper\u00e1rios porque a inova\u00e7\u00e3o dos seus processos industriais ou agroindustriais levar\u00e1 \u00e0 automa\u00e7\u00e3o ou \u00e0 robotiza\u00e7\u00e3o de suas linhas de fabrica\u00e7\u00e3o, decorrendo da\u00ed a substitui\u00e7\u00e3o de muitos trabalhadores por m\u00e1quinas. O que fazer com esses e outros milh\u00f5es de desempregados, na sua maioria analfabetos funcionais?<\/p>\n<p>Creio e defendo que devemos pensar numa economia que leve em conta as pessoas. Temos de planejar um modelo de desenvolvimento voltado para produ\u00e7\u00e3o em massa (quantidade) a partir das massas (povo). O fortalecimento das pequenas empresas e um amplo programa de extens\u00e3o com base nos trabalhos das universidades e dos institutos tecnol\u00f3gicos seriam bons caminhos.<\/p>\n<p>Como estamos diante de uma popula\u00e7\u00e3o que precisa trabalhar e n\u00e3o tem mais tempo de ir para escola, lembrei-me das tecnologias apropriadas e adequadas ao nosso meio. Por que n\u00e3o definir um grande programa de compras governamentais, como fez o Tasso no seu primeiro governo?<\/p>\n<p>O que o governo compra, de bens e servi\u00e7os que pode ser feito pelas pequenas empresas? Como seu secret\u00e1rio, fui autorizado a lan\u00e7ar o programa. Foi um sucesso porque passamos a comprar dos pequenos: mobili\u00e1rio escolar, produtos de limpeza, merenda escolar, pequenas obras, servi\u00e7os de manuten\u00e7\u00e3o e outros itens.<\/p>\n<p>Se fizermos um levantamento do que as universidades e institutos j\u00e1 desenvolveram, vamos encontrar um elenco de tecnologias que poderiam ser repassadas \u00e0 popula\u00e7\u00e3o. Por meio da Funda\u00e7\u00e3o Dem\u00f3crito Rocha, chegamos a publicar, via Centec, a s\u00e9rie Como fazer isso?<\/p>\n<p>Para n\u00e3o ficar s\u00f3 na ret\u00f3rica, gostaria de citar e defender algumas tecnologias apropriadas: 1) tecnologia da solo cal \u2013 para produ\u00e7\u00e3o de argamassa para pavimenta\u00e7\u00e3o de estradas e fabrica\u00e7\u00e3o de tijolos; 2) tecnologia dos paralelep\u00edpedos \u2013 para aplica\u00e7\u00e3o nas cidades; 3) tecnologia do biodiesel \u2013 para o pequeno produtor rural; 4) tecnologia dos fitoter\u00e1picos; 5) tecnologias para processamento dos frutos, leite e pescado; 6) tecnologias para agricultura; 7) tecnologia das rochas ornamentais.<\/p>\n<p>H\u00e1 que fazer esse levantamento para que o governo, junto com Nutec, Centec, Embrapa, Universidade, Institutos, Ematerce, Sebrae, Fiec, Faec e outros, possa planejar um grande programa de extens\u00e3o voltado para o empreendedorismo dos pequenos. O Cear\u00e1 poderia dar esse exemplo ao Pa\u00eds.<\/p>\n<p>&nbsp;<\/p>\n<p><strong><em>*Ariosto Holanda \u00e9 deputado federal pelo PDT.<\/em><\/strong><\/p>\n<!-- AddThis Advanced Settings generic via filter on the_content --><!-- AddThis Share Buttons generic via filter on the_content -->","protected":false},"excerpt":{"rendered":"<p>Num futuro bem pr\u00f3ximo, surgir\u00e3o ind\u00fastrias com poucos oper\u00e1rios porque a inova\u00e7\u00e3o dos seus processos industriais ou agroindustriais levar\u00e1 \u00e0 automa\u00e7\u00e3o ou \u00e0 robotiza\u00e7\u00e3o de suas linhas de fabrica\u00e7\u00e3o, decorrendo da\u00ed a substitui\u00e7\u00e3o de muitos trabalhadores por m\u00e1quinas. O que fazer com esses e outros milh\u00f5es de desempregados, na sua maioria analfabetos funcionais? Creio e&#8230;<!-- AddThis Advanced Settings generic via filter on wp_trim_excerpt --><!-- AddThis Share Buttons generic via filter on wp_trim_excerpt --><\/p>\n","protected":false},"author":17,"featured_media":54136,"comment_status":"closed","ping_status":"closed","sticky":false,"template":"","format":"standard","meta":{"_monsterinsights_skip_tracking":false,"_monsterinsights_sitenote_active":false,"_monsterinsights_sitenote_note":"","_monsterinsights_sitenote_category":0,"_uf_show_specific_survey":0,"_uf_disable_surveys":false,"footnotes":""},"categories":[1584,1390],"tags":[128,2358],"class_list":["post-54131","post","type-post","status-publish","format-standard","has-post-thumbnail","hentry","category-artigos","category-editorias","tag-ariosto-holanda","tag-oportunidades-de-trabalho"],"acf":[],"_links":{"self":[{"href":"https:\/\/pdt-rj.org.br\/index.php\/wp-json\/wp\/v2\/posts\/54131","targetHints":{"allow":["GET"]}}],"collection":[{"href":"https:\/\/pdt-rj.org.br\/index.php\/wp-json\/wp\/v2\/posts"}],"about":[{"href":"https:\/\/pdt-rj.org.br\/index.php\/wp-json\/wp\/v2\/types\/post"}],"author":[{"embeddable":true,"href":"https:\/\/pdt-rj.org.br\/index.php\/wp-json\/wp\/v2\/users\/17"}],"replies":[{"embeddable":true,"href":"https:\/\/pdt-rj.org.br\/index.php\/wp-json\/wp\/v2\/comments?post=54131"}],"version-history":[{"count":3,"href":"https:\/\/pdt-rj.org.br\/index.php\/wp-json\/wp\/v2\/posts\/54131\/revisions"}],"predecessor-version":[{"id":54138,"href":"https:\/\/pdt-rj.org.br\/index.php\/wp-json\/wp\/v2\/posts\/54131\/revisions\/54138"}],"wp:featuredmedia":[{"embeddable":true,"href":"https:\/\/pdt-rj.org.br\/index.php\/wp-json\/wp\/v2\/media\/54136"}],"wp:attachment":[{"href":"https:\/\/pdt-rj.org.br\/index.php\/wp-json\/wp\/v2\/media?parent=54131"}],"wp:term":[{"taxonomy":"category","embeddable":true,"href":"https:\/\/pdt-rj.org.br\/index.php\/wp-json\/wp\/v2\/categories?post=54131"},{"taxonomy":"post_tag","embeddable":true,"href":"https:\/\/pdt-rj.org.br\/index.php\/wp-json\/wp\/v2\/tags?post=54131"}],"curies":[{"name":"wp","href":"https:\/\/api.w.org\/{rel}","templated":true}]}}