{"id":54075,"date":"2017-05-18T18:19:01","date_gmt":"2017-05-18T21:19:01","guid":{"rendered":"http:\/\/pdt-rj.org.br\/?p=54075"},"modified":"2017-05-19T19:21:18","modified_gmt":"2017-05-19T22:21:18","slug":"renuncia-temer-eleicoes-gerais-ja","status":"publish","type":"post","link":"https:\/\/pdt-rj.org.br\/index.php\/renuncia-temer-eleicoes-gerais-ja\/","title":{"rendered":"Defesa da democracia: &#8220;Renuncia, Temer! Elei\u00e7\u00f5es Gerais, J\u00e1!&#8221;"},"content":{"rendered":"<p>Os fatos que vieram a p\u00fablico por reportagem do jornal O Globo na noite da \u00faltima quarta-feira (17) e os desdobramentos de quinta-feira (18) n\u00e3o deixam margem a d\u00favidas sobre qual posicionamento devemos tomar.<\/p>\n<p>O povo brasileiro precisa escolher seu presidente. Por isso, \u00e9 urgente que Michel Temer renuncie \u00e0 Presid\u00eancia e que elei\u00e7\u00f5es gerais sejam imediatamente convocadas.<\/p>\n<p>Convocamos nossa milit\u00e2ncia a ocupar Bras\u00edlia, na Marcha, na quarta-feira (24).<\/p>\n<p>Vamos juntos, com todas as for\u00e7as, defender a nossa Democracia, o respeito \u00e0 vontade popular e dizer um sonoro N\u00c3O \u00e0s reformas pretendidas por este governo que, cada vez mais, se confirma como ileg\u00edtimo e indigno de liderar o nosso povo e o nosso Brasil.<\/p>\n<p>Renuncia, Temer! Elei\u00e7\u00f5es Gerais, j\u00e1!<\/p>\n<p>&nbsp;<\/p>\n<p style=\"text-align: center;\">Milton Cavalo<br \/>\nPresidente &#8211; Nacional do Movimento Sindical PDT<\/p>\n<!-- AddThis Advanced Settings generic via filter on the_content --><!-- AddThis Share Buttons generic via filter on the_content -->","protected":false},"excerpt":{"rendered":"<p>Os fatos que vieram a p\u00fablico por reportagem do jornal O Globo na noite da \u00faltima quarta-feira (17) e os desdobramentos de quinta-feira (18) n\u00e3o deixam margem a d\u00favidas sobre qual posicionamento devemos tomar. O povo brasileiro precisa escolher seu presidente. Por isso, \u00e9 urgente que Michel Temer renuncie \u00e0 Presid\u00eancia e que elei\u00e7\u00f5es gerais&#8230;<!-- AddThis Advanced Settings generic via filter on wp_trim_excerpt --><!-- AddThis Share Buttons generic via filter on wp_trim_excerpt --><\/p>\n","protected":false},"author":17,"featured_media":54078,"comment_status":"closed","ping_status":"closed","sticky":false,"template":"","format":"standard","meta":{"_monsterinsights_skip_tracking":false,"_monsterinsights_sitenote_active":false,"_monsterinsights_sitenote_note":"","_monsterinsights_sitenote_category":0,"_uf_show_specific_survey":0,"_uf_disable_surveys":false,"footnotes":""},"categories":[1390,1397,1589],"tags":[282,2177,1092,639],"class_list":["post-54075","post","type-post","status-publish","format-standard","has-post-thumbnail","hentry","category-editorias","category-movimentos","category-sindical","tag-defesa-da-democracia","tag-fora-temer","tag-milton-cavalo","tag-movimento-sindical-do-pdt"],"acf":[],"_links":{"self":[{"href":"https:\/\/pdt-rj.org.br\/index.php\/wp-json\/wp\/v2\/posts\/54075","targetHints":{"allow":["GET"]}}],"collection":[{"href":"https:\/\/pdt-rj.org.br\/index.php\/wp-json\/wp\/v2\/posts"}],"about":[{"href":"https:\/\/pdt-rj.org.br\/index.php\/wp-json\/wp\/v2\/types\/post"}],"author":[{"embeddable":true,"href":"https:\/\/pdt-rj.org.br\/index.php\/wp-json\/wp\/v2\/users\/17"}],"replies":[{"embeddable":true,"href":"https:\/\/pdt-rj.org.br\/index.php\/wp-json\/wp\/v2\/comments?post=54075"}],"version-history":[{"count":7,"href":"https:\/\/pdt-rj.org.br\/index.php\/wp-json\/wp\/v2\/posts\/54075\/revisions"}],"predecessor-version":[{"id":54084,"href":"https:\/\/pdt-rj.org.br\/index.php\/wp-json\/wp\/v2\/posts\/54075\/revisions\/54084"}],"wp:featuredmedia":[{"embeddable":true,"href":"https:\/\/pdt-rj.org.br\/index.php\/wp-json\/wp\/v2\/media\/54078"}],"wp:attachment":[{"href":"https:\/\/pdt-rj.org.br\/index.php\/wp-json\/wp\/v2\/media?parent=54075"}],"wp:term":[{"taxonomy":"category","embeddable":true,"href":"https:\/\/pdt-rj.org.br\/index.php\/wp-json\/wp\/v2\/categories?post=54075"},{"taxonomy":"post_tag","embeddable":true,"href":"https:\/\/pdt-rj.org.br\/index.php\/wp-json\/wp\/v2\/tags?post=54075"}],"curies":[{"name":"wp","href":"https:\/\/api.w.org\/{rel}","templated":true}]}}