{"id":54066,"date":"2017-05-19T09:21:42","date_gmt":"2017-05-19T12:21:42","guid":{"rendered":"http:\/\/pdt-rj.org.br\/?p=54066"},"modified":"2017-05-19T13:15:11","modified_gmt":"2017-05-19T16:15:11","slug":"em-video-carlos-lupi-defende-diretas-ja","status":"publish","type":"post","link":"https:\/\/pdt-rj.org.br\/index.php\/em-video-carlos-lupi-defende-diretas-ja\/","title":{"rendered":"Em v\u00eddeo, Carlos Lupi defende Diretas J\u00e1!"},"content":{"rendered":"<p>O presidente nacional do PDT, Carlos Lupi, em v\u00eddeo, defende elei\u00e7\u00f5es diretas imediatas no Brasil.<\/p>\n<p><a href=\"https:\/\/youtu.be\/FYR8aiqv5yg\">Assista na \u00edntegra.<\/a><\/p>\n<p><iframe loading=\"lazy\" title=\"IMG 2579\" width=\"640\" height=\"360\" src=\"https:\/\/www.youtube.com\/embed\/FYR8aiqv5yg?feature=oembed\" frameborder=\"0\" allow=\"accelerometer; autoplay; clipboard-write; encrypted-media; gyroscope; picture-in-picture; web-share\" referrerpolicy=\"strict-origin-when-cross-origin\" allowfullscreen><\/iframe><\/p>\n<!-- AddThis Advanced Settings generic via filter on the_content --><!-- AddThis Share Buttons generic via filter on the_content -->","protected":false},"excerpt":{"rendered":"<p>O presidente nacional do PDT, Carlos Lupi, em v\u00eddeo, defende elei\u00e7\u00f5es diretas imediatas no Brasil. Assista na \u00edntegra.<!-- AddThis Advanced Settings generic via filter on wp_trim_excerpt --><!-- AddThis Share Buttons generic via filter on wp_trim_excerpt --><\/p>\n","protected":false},"author":17,"featured_media":53954,"comment_status":"closed","ping_status":"closed","sticky":false,"template":"","format":"standard","meta":{"_monsterinsights_skip_tracking":false,"_monsterinsights_sitenote_active":false,"_monsterinsights_sitenote_note":"","_monsterinsights_sitenote_category":0,"_uf_show_specific_survey":0,"_uf_disable_surveys":false,"footnotes":""},"categories":[1459,975,1401],"tags":[196,2344],"class_list":["post-54066","post","type-post","status-publish","format-standard","has-post-thumbnail","hentry","category-congresso","category-manchete","category-nacional","tag-carlos-lupi","tag-diretas-ja"],"acf":[],"_links":{"self":[{"href":"https:\/\/pdt-rj.org.br\/index.php\/wp-json\/wp\/v2\/posts\/54066","targetHints":{"allow":["GET"]}}],"collection":[{"href":"https:\/\/pdt-rj.org.br\/index.php\/wp-json\/wp\/v2\/posts"}],"about":[{"href":"https:\/\/pdt-rj.org.br\/index.php\/wp-json\/wp\/v2\/types\/post"}],"author":[{"embeddable":true,"href":"https:\/\/pdt-rj.org.br\/index.php\/wp-json\/wp\/v2\/users\/17"}],"replies":[{"embeddable":true,"href":"https:\/\/pdt-rj.org.br\/index.php\/wp-json\/wp\/v2\/comments?post=54066"}],"version-history":[{"count":7,"href":"https:\/\/pdt-rj.org.br\/index.php\/wp-json\/wp\/v2\/posts\/54066\/revisions"}],"predecessor-version":[{"id":54074,"href":"https:\/\/pdt-rj.org.br\/index.php\/wp-json\/wp\/v2\/posts\/54066\/revisions\/54074"}],"wp:featuredmedia":[{"embeddable":true,"href":"https:\/\/pdt-rj.org.br\/index.php\/wp-json\/wp\/v2\/media\/53954"}],"wp:attachment":[{"href":"https:\/\/pdt-rj.org.br\/index.php\/wp-json\/wp\/v2\/media?parent=54066"}],"wp:term":[{"taxonomy":"category","embeddable":true,"href":"https:\/\/pdt-rj.org.br\/index.php\/wp-json\/wp\/v2\/categories?post=54066"},{"taxonomy":"post_tag","embeddable":true,"href":"https:\/\/pdt-rj.org.br\/index.php\/wp-json\/wp\/v2\/tags?post=54066"}],"curies":[{"name":"wp","href":"https:\/\/api.w.org\/{rel}","templated":true}]}}