{"id":54041,"date":"2017-05-18T11:37:55","date_gmt":"2017-05-18T14:37:55","guid":{"rendered":"http:\/\/pdt-rj.org.br\/?p=54041"},"modified":"2017-05-18T19:00:24","modified_gmt":"2017-05-18T22:00:24","slug":"pedetistas-amazonenses-realizam-curso-de-formacao-politica-neste-sabado-20","status":"publish","type":"post","link":"https:\/\/pdt-rj.org.br\/index.php\/pedetistas-amazonenses-realizam-curso-de-formacao-politica-neste-sabado-20\/","title":{"rendered":"Pedetistas amazonenses realizam curso de Forma\u00e7\u00e3o Pol\u00edtica neste s\u00e1bado (20)"},"content":{"rendered":"<p>Aproximadamente 150 pessoas realizaram inscri\u00e7\u00e3o, at\u00e9 a tarde desta quarta-feira (17), para o curso de Forma\u00e7\u00e3o Pol\u00edtica, promovido pela Funda\u00e7\u00e3o Leonel Brizola \u2013 Alberto Pasqualini (FLB-AP\/AM). A atividade ocorrer\u00e1 neste s\u00e1bado (20), a partir das 9h, no audit\u00f3rio do Dr. Zerbini, da Faculdade de Medicina da Universidade Federal do Amazonas (Ufam), Zona Sul de Manaus.<\/p>\n<p>De acordo com o presidente da Funda\u00e7\u00e3o no Amazonas, Ademir Ramos, o curso \u00e9 aberto ao p\u00fablico em geral e abordar\u00e1 os temas \u201cBrasil das oportunidades contra a corrup\u00e7\u00e3o\u201d, \u201cTrabalho, juventude e participa\u00e7\u00e3o\u201d e \u201cPol\u00edtica, trabalho e igualdade para as mulheres\u201d.<\/p>\n<p>\u201cO PDT, por meio da Funda\u00e7\u00e3o Leonel Brizola, preocupa-se com a sociedade e prop\u00f5e alternativas para um novo momento na pol\u00edtica. E o encontro visa capacitar seus militantes e acima de tudo estimular o eleitor a fazer parte do movimento pol\u00edtico\u201d, disse.<\/p>\n<p>Ademir Ramos informou que a atividade contar\u00e1 com a participa\u00e7\u00e3o dos parlamentares do PDT-AM, deputado estadual Adjuto Afonso (vice-presidente estadual), do vereador manauense Diego Afonso, e de representantes da Ordem dos Advogados do Brasil (OAB-AM). \u201cSer\u00e1 um grande debate de temas que est\u00e3o no nosso cotidiano\u201d, frisou.<\/p>\n<p>As inscri\u00e7\u00f5es s\u00e3o gratuitas e podem ser realizadas pelo endere\u00e7o eletr\u00f4nico http: <a href=\"http:\/\/goo.gl\/H6Z6bB\">goo.gl\/H6Z6bB<\/a>.<\/p>\n<p>O curso valer\u00e1 como hora complementar para os universit\u00e1rios.<\/p>\n<!-- AddThis Advanced Settings generic via filter on the_content --><!-- AddThis Share Buttons generic via filter on the_content -->","protected":false},"excerpt":{"rendered":"<p>Aproximadamente 150 pessoas realizaram inscri\u00e7\u00e3o, at\u00e9 a tarde desta quarta-feira (17), para o curso de Forma\u00e7\u00e3o Pol\u00edtica, promovido pela Funda\u00e7\u00e3o Leonel Brizola \u2013 Alberto Pasqualini (FLB-AP\/AM). A atividade ocorrer\u00e1 neste s\u00e1bado (20), a partir das 9h, no audit\u00f3rio do Dr. Zerbini, da Faculdade de Medicina da Universidade Federal do Amazonas (Ufam), Zona Sul de Manaus&#8230;.<!-- AddThis Advanced Settings generic via filter on wp_trim_excerpt --><!-- AddThis Share Buttons generic via filter on wp_trim_excerpt --><\/p>\n","protected":false},"author":17,"featured_media":54050,"comment_status":"closed","ping_status":"closed","sticky":false,"template":"","format":"standard","meta":{"_monsterinsights_skip_tracking":false,"_monsterinsights_sitenote_active":false,"_monsterinsights_sitenote_note":"","_monsterinsights_sitenote_category":0,"_uf_show_specific_survey":0,"_uf_disable_surveys":false,"footnotes":""},"categories":[1390],"tags":[1126,2170,415,426,38],"class_list":["post-54041","post","type-post","status-publish","format-standard","has-post-thumbnail","hentry","category-editorias","tag-adjuto-afonso","tag-flb-apam","tag-formacao-politica","tag-fundacao-leonel-brizola-alberto-pasqualini","tag-pdt"],"acf":[],"_links":{"self":[{"href":"https:\/\/pdt-rj.org.br\/index.php\/wp-json\/wp\/v2\/posts\/54041","targetHints":{"allow":["GET"]}}],"collection":[{"href":"https:\/\/pdt-rj.org.br\/index.php\/wp-json\/wp\/v2\/posts"}],"about":[{"href":"https:\/\/pdt-rj.org.br\/index.php\/wp-json\/wp\/v2\/types\/post"}],"author":[{"embeddable":true,"href":"https:\/\/pdt-rj.org.br\/index.php\/wp-json\/wp\/v2\/users\/17"}],"replies":[{"embeddable":true,"href":"https:\/\/pdt-rj.org.br\/index.php\/wp-json\/wp\/v2\/comments?post=54041"}],"version-history":[{"count":3,"href":"https:\/\/pdt-rj.org.br\/index.php\/wp-json\/wp\/v2\/posts\/54041\/revisions"}],"predecessor-version":[{"id":54054,"href":"https:\/\/pdt-rj.org.br\/index.php\/wp-json\/wp\/v2\/posts\/54041\/revisions\/54054"}],"wp:featuredmedia":[{"embeddable":true,"href":"https:\/\/pdt-rj.org.br\/index.php\/wp-json\/wp\/v2\/media\/54050"}],"wp:attachment":[{"href":"https:\/\/pdt-rj.org.br\/index.php\/wp-json\/wp\/v2\/media?parent=54041"}],"wp:term":[{"taxonomy":"category","embeddable":true,"href":"https:\/\/pdt-rj.org.br\/index.php\/wp-json\/wp\/v2\/categories?post=54041"},{"taxonomy":"post_tag","embeddable":true,"href":"https:\/\/pdt-rj.org.br\/index.php\/wp-json\/wp\/v2\/tags?post=54041"}],"curies":[{"name":"wp","href":"https:\/\/api.w.org\/{rel}","templated":true}]}}