{"id":54035,"date":"2017-05-18T12:04:11","date_gmt":"2017-05-18T15:04:11","guid":{"rendered":"http:\/\/pdt-rj.org.br\/?p=54035"},"modified":"2017-05-26T12:42:08","modified_gmt":"2017-05-26T15:42:08","slug":"dia-nacional-da-luta-antimanicomial-sergio-vidigal","status":"publish","type":"post","link":"https:\/\/pdt-rj.org.br\/index.php\/dia-nacional-da-luta-antimanicomial-sergio-vidigal\/","title":{"rendered":"S\u00e9rgio Vidigal destaca import\u00e2ncia do Dia Nacional da Luta Antimanicomial"},"content":{"rendered":"<p>Em homenagem ao Dia Nacional da Luta Antimanicomial, comemorado nesta quinta-feira (18), o deputado federal S\u00e9rgio Vidigal (PDT-ES) falou desta data que, segundo ele, trouxe dignidade para doentes mentais de todo o Pa\u00eds. A afirma\u00e7\u00e3o do parlamentar foi feita em discurso na sess\u00e3o solene realizada pela C\u00e2mara dos Deputados ontem\u00a0(17).<\/p>\n<p>Durante o discurso, S\u00e9rgio Vidigal relembrou de um paciente chamado Robson Jos\u00e9 da Silva, mais conhecido como Tralal\u00e1. Abandonado por quase 20 anos no Hospital Adauto Botelho, em Cariacica, Esp\u00edrito Santo, Tralal\u00e1 era reconhecido no hospital por suas fugas malsucedidas.<\/p>\n<p>\u201cNum piscar de olhos das enfermeiras, ele desaparecia pelos corredores. Nunca ia muito longe, pois n\u00e3o tinha para onde ir. A \u00fanica casa que conhecia era o Adauto. Com outros 80 pacientes, l\u00e1 foi deixado para ser esquecido. Anos marcados pela falta de tratamento m\u00e9dico e psiqui\u00e1trico adequado. S\u00f3 havia segrega\u00e7\u00e3o de indesej\u00e1veis\u201d.<\/p>\n<p>Vidigal explica que a Lei da Reforma Psiqui\u00e1trica garantiu que os milhares de esquecidos em institui\u00e7\u00f5es manicomiais passassem a ter uma nova vida.<\/p>\n<p>\u201c\u00c9 claro que h\u00e1 casos e situa\u00e7\u00f5es que exigem a interna\u00e7\u00e3o, mas ela \u00e9 para os casos de crises e surtos e n\u00e3o para a vida inteira. No tratamento dos portadores de transtornos mentais devemos entender que o tratamento se d\u00e1 em m\u00faltiplas inst\u00e2ncias e, por isso, deve ser multidisciplinar \u2013 com a colabora\u00e7\u00e3o de psiquiatras, psic\u00f3logos, nutricionistas e fisioterapeutas, afinal, n\u00f3s somos seres multidimensionais\u201d.<\/p>\n<p>S\u00e9rgio Vidigal ressaltou que o Dia Nacional de Luta Antimanicomial foi uma demanda dos profissionais de sa\u00fade mental.<\/p>\n<p>\u201cA data \u00e9 um marco para a reflex\u00e3o sobre o caminho j\u00e1 trilhado e para nos lembrar que h\u00e1 muito ainda por fazer \u2013 e muito ainda a ser feito para garantir que os avan\u00e7os conseguidos n\u00e3o se percam. Serve para lembrar que ainda h\u00e1 muito preconceito contra os portadores de transtornos mentais, infelizmente at\u00e9 mesmo entre profissionais de sa\u00fade. Nos lembra que a luta pela cidadania e pela inclus\u00e3o nunca acaba e tem v\u00e1rias frentes\u201d, finalizou.<\/p>\n<!-- AddThis Advanced Settings generic via filter on the_content --><!-- AddThis Share Buttons generic via filter on the_content -->","protected":false},"excerpt":{"rendered":"<p>Em homenagem ao Dia Nacional da Luta Antimanicomial, comemorado nesta quinta-feira (18), o deputado federal S\u00e9rgio Vidigal (PDT-ES) falou desta data que, segundo ele, trouxe dignidade para doentes mentais de todo o Pa\u00eds. A afirma\u00e7\u00e3o do parlamentar foi feita em discurso na sess\u00e3o solene realizada pela C\u00e2mara dos Deputados ontem\u00a0(17). Durante o discurso, S\u00e9rgio Vidigal&#8230;<!-- AddThis Advanced Settings generic via filter on wp_trim_excerpt --><!-- AddThis Share Buttons generic via filter on wp_trim_excerpt --><\/p>\n","protected":false},"author":17,"featured_media":54036,"comment_status":"closed","ping_status":"closed","sticky":false,"template":"","format":"standard","meta":{"_monsterinsights_skip_tracking":false,"_monsterinsights_sitenote_active":false,"_monsterinsights_sitenote_note":"","_monsterinsights_sitenote_category":0,"_uf_show_specific_survey":0,"_uf_disable_surveys":false,"footnotes":""},"categories":[1390,1459],"tags":[2338,2340,873],"class_list":["post-54035","post","type-post","status-publish","format-standard","has-post-thumbnail","hentry","category-editorias","category-congresso","tag-dia-nacional-da-luta-antimanicomial","tag-lei-da-reforma-psiquiatrica","tag-sergio-vidigal"],"acf":[],"_links":{"self":[{"href":"https:\/\/pdt-rj.org.br\/index.php\/wp-json\/wp\/v2\/posts\/54035","targetHints":{"allow":["GET"]}}],"collection":[{"href":"https:\/\/pdt-rj.org.br\/index.php\/wp-json\/wp\/v2\/posts"}],"about":[{"href":"https:\/\/pdt-rj.org.br\/index.php\/wp-json\/wp\/v2\/types\/post"}],"author":[{"embeddable":true,"href":"https:\/\/pdt-rj.org.br\/index.php\/wp-json\/wp\/v2\/users\/17"}],"replies":[{"embeddable":true,"href":"https:\/\/pdt-rj.org.br\/index.php\/wp-json\/wp\/v2\/comments?post=54035"}],"version-history":[{"count":6,"href":"https:\/\/pdt-rj.org.br\/index.php\/wp-json\/wp\/v2\/posts\/54035\/revisions"}],"predecessor-version":[{"id":54177,"href":"https:\/\/pdt-rj.org.br\/index.php\/wp-json\/wp\/v2\/posts\/54035\/revisions\/54177"}],"wp:featuredmedia":[{"embeddable":true,"href":"https:\/\/pdt-rj.org.br\/index.php\/wp-json\/wp\/v2\/media\/54036"}],"wp:attachment":[{"href":"https:\/\/pdt-rj.org.br\/index.php\/wp-json\/wp\/v2\/media?parent=54035"}],"wp:term":[{"taxonomy":"category","embeddable":true,"href":"https:\/\/pdt-rj.org.br\/index.php\/wp-json\/wp\/v2\/categories?post=54035"},{"taxonomy":"post_tag","embeddable":true,"href":"https:\/\/pdt-rj.org.br\/index.php\/wp-json\/wp\/v2\/tags?post=54035"}],"curies":[{"name":"wp","href":"https:\/\/api.w.org\/{rel}","templated":true}]}}