{"id":54027,"date":"2017-05-16T09:40:49","date_gmt":"2017-05-16T12:40:49","guid":{"rendered":"http:\/\/pdt-rj.org.br\/?p=54027"},"modified":"2017-05-16T19:04:32","modified_gmt":"2017-05-16T22:04:32","slug":"pdt-mineiro-realiza-sua-primeira-reuniao-de-organizacao-partidaria","status":"publish","type":"post","link":"https:\/\/pdt-rj.org.br\/index.php\/pdt-mineiro-realiza-sua-primeira-reuniao-de-organizacao-partidaria\/","title":{"rendered":"PDT mineiro realiza sua primeira reuni\u00e3o de organiza\u00e7\u00e3o partid\u00e1ria de 2017"},"content":{"rendered":"<p>O PDT de Minas Gerais realizou, nessa segunda-feira (15), a primeira reuni\u00e3o de organiza\u00e7\u00e3o partid\u00e1ria. O encontro ocorreu na sede da Associa\u00e7\u00e3o dos Fiscais da Fazenda de Minas Gerais (AFFEMG), em Belo Horizonte. Os trabalhos foram coordenados pelo presidente estadual do partido, deputado federal Mario Heringer, pela secret\u00e1ria geral S\u00edrley Soalheiro e pelo Dr. Jorge Washington Can\u00e7ado Neto.<\/p>\n<p>O objetivo do evento foi levar aos dirigentes municipais do PDT informa\u00e7\u00f5es importantes sobre a reestrutura\u00e7\u00e3o do partido no estado, bem como buscar a participa\u00e7\u00e3o efetiva de cada militante.<\/p>\n<p>Foram debatidos temas de grande relev\u00e2ncia, dentre eles a Reforma Pol\u00edtica, Organiza\u00e7\u00e3o Partid\u00e1ria e Reforma da Previd\u00eancia, entre outros.<\/p>\n<p>De acordo com os organizadores, embora esse primeiro encontro tenha sido limitado a 37 munic\u00edpios \u2013 para que a reuni\u00e3o fosse mais produtiva \u2013, a inten\u00e7\u00e3o \u00e9 realizar outras com o mesmo intuito, o que possibilitar\u00e1 a participa\u00e7\u00e3o de outras cidades.<\/p>\n<!-- AddThis Advanced Settings generic via filter on the_content --><!-- AddThis Share Buttons generic via filter on the_content -->","protected":false},"excerpt":{"rendered":"<p>O PDT de Minas Gerais realizou, nessa segunda-feira (15), a primeira reuni\u00e3o de organiza\u00e7\u00e3o partid\u00e1ria. O encontro ocorreu na sede da Associa\u00e7\u00e3o dos Fiscais da Fazenda de Minas Gerais (AFFEMG), em Belo Horizonte. Os trabalhos foram coordenados pelo presidente estadual do partido, deputado federal Mario Heringer, pela secret\u00e1ria geral S\u00edrley Soalheiro e pelo Dr. Jorge&#8230;<!-- AddThis Advanced Settings generic via filter on wp_trim_excerpt --><!-- AddThis Share Buttons generic via filter on wp_trim_excerpt --><\/p>\n","protected":false},"author":17,"featured_media":54028,"comment_status":"closed","ping_status":"closed","sticky":false,"template":"","format":"standard","meta":{"_monsterinsights_skip_tracking":false,"_monsterinsights_sitenote_active":false,"_monsterinsights_sitenote_note":"","_monsterinsights_sitenote_category":0,"_uf_show_specific_survey":0,"_uf_disable_surveys":false,"footnotes":""},"categories":[1390],"tags":[1175,38,2337,1773,883],"class_list":["post-54027","post","type-post","status-publish","format-standard","has-post-thumbnail","hentry","category-editorias","tag-mario-heringer","tag-pdt","tag-reestruturacao","tag-reforma-da-previdencia","tag-sirley-soalheiro"],"acf":[],"_links":{"self":[{"href":"https:\/\/pdt-rj.org.br\/index.php\/wp-json\/wp\/v2\/posts\/54027","targetHints":{"allow":["GET"]}}],"collection":[{"href":"https:\/\/pdt-rj.org.br\/index.php\/wp-json\/wp\/v2\/posts"}],"about":[{"href":"https:\/\/pdt-rj.org.br\/index.php\/wp-json\/wp\/v2\/types\/post"}],"author":[{"embeddable":true,"href":"https:\/\/pdt-rj.org.br\/index.php\/wp-json\/wp\/v2\/users\/17"}],"replies":[{"embeddable":true,"href":"https:\/\/pdt-rj.org.br\/index.php\/wp-json\/wp\/v2\/comments?post=54027"}],"version-history":[{"count":3,"href":"https:\/\/pdt-rj.org.br\/index.php\/wp-json\/wp\/v2\/posts\/54027\/revisions"}],"predecessor-version":[{"id":54031,"href":"https:\/\/pdt-rj.org.br\/index.php\/wp-json\/wp\/v2\/posts\/54027\/revisions\/54031"}],"wp:featuredmedia":[{"embeddable":true,"href":"https:\/\/pdt-rj.org.br\/index.php\/wp-json\/wp\/v2\/media\/54028"}],"wp:attachment":[{"href":"https:\/\/pdt-rj.org.br\/index.php\/wp-json\/wp\/v2\/media?parent=54027"}],"wp:term":[{"taxonomy":"category","embeddable":true,"href":"https:\/\/pdt-rj.org.br\/index.php\/wp-json\/wp\/v2\/categories?post=54027"},{"taxonomy":"post_tag","embeddable":true,"href":"https:\/\/pdt-rj.org.br\/index.php\/wp-json\/wp\/v2\/tags?post=54027"}],"curies":[{"name":"wp","href":"https:\/\/api.w.org\/{rel}","templated":true}]}}