{"id":54018,"date":"2017-05-16T10:31:28","date_gmt":"2017-05-16T13:31:28","guid":{"rendered":"http:\/\/pdt-rj.org.br\/?p=54018"},"modified":"2017-05-16T16:33:16","modified_gmt":"2017-05-16T19:33:16","slug":"movimento-pro-anistiados-do-pdt-e-fundado-no-rio","status":"publish","type":"post","link":"https:\/\/pdt-rj.org.br\/index.php\/movimento-pro-anistiados-do-pdt-e-fundado-no-rio\/","title":{"rendered":"Movimento Pr\u00f3-Anistiados do PDT \u00e9 fundado no Rio"},"content":{"rendered":"<p>Cerca de 80 pessoas participaram do ato de funda\u00e7\u00e3o do Movimento Pr\u00f3-Anistiados do PDT na \u00faltima sexta-feira (12) realizado na Funda\u00e7\u00e3o Leonel Brizola\u2013Alberto Pasqualini (FLB-AP), no Centro do Rio. A cerim\u00f4nia foi inicialmente presidida pela presidente nacional do Movimento dos Aposentados e Idosos do PDT (Mapi), Maria Jos\u00e9 Latg\u00e9, que leu a mensagem do presidente nacional do PDT, Carlos Lupi, dirigida aos integrantes da mais nova organiza\u00e7\u00e3o pedetista.<\/p>\n<p>Lupi saudou a cria\u00e7\u00e3o do movimento anistiados e anistiandos: \u201cO PDT carrega a marca dos cassados, dos exilados e dos perseguidos; por isto \u00e9 de fundamental import\u00e2ncia a cria\u00e7\u00e3o deste movimento\u201d, frisou na mensagem, ressaltando tamb\u00e9m a import\u00e2ncia de resgatar a mem\u00f3ria de cada um dos anistiados; e de todos, coletivamente, pela import\u00e2ncia para a Hist\u00f3ria contempor\u00e2nea do Brasil dos fatos que vivenciaram.<\/p>\n<p>Maria Jos\u00e9, por sua vez, saudou \u201ca retomada do Fio da Hist\u00f3ria dos anistiados\u201d pelo PDT, nascido das fileiras do Mapi \u2013 j\u00e1 que parte de seus integrantes \u00e9 de militantes deste movimento. Em seguida, ela passou a dire\u00e7\u00e3o dos trabalhos ao anistiado Adail Ivan de Lemos, filho de um trabalhista hist\u00f3rico, signat\u00e1rio da Carta de Lisboa, Ajadil de Lemos, e Lara de Lemos, autora da letra do Hino da Legalidade.<\/p>\n<p>Ao explanar os motivos da cria\u00e7\u00e3o deste movimento, Adail Ivan disse que \u201c\u00e9 nosso dever tornar o Estado respons\u00e1vel por seus atos: desde a bala perdida que mata uma jovem dentro de um col\u00e9gio aos seus opositores pol\u00edticos que, no passado, foram mortos sob tortura\u201d.<\/p>\n<p>Adail apresentou D\u00e9lcio Pereira Fortes, autor do livro \u201cH\u00e9lcio\u201d, lan\u00e7ado na ocasi\u00e3o, que narra a trajet\u00f3ria do ex-dirigente nacional da ALN, H\u00e9lcio Pereira Fortes, irm\u00e3o do autor, morto sob tortura no Doi-Codi paulista, cujo corpo foi enterrado no cemit\u00e9rio de Perus, em S\u00e3o Paulo.<\/p>\n<p>Em seguida, Adail leu um poema dedicado ao militante morto, afirmando ao final que \u201csua hist\u00f3ria \u00e9 uma b\u00fassola, porque H\u00e9lcio est\u00e1 mais vivo do que nunca, presente atrav\u00e9s de seu exemplo de vida e de morte\u201d.<\/p>\n<p><strong>Greve dos metal\u00fargicos de Contagem<\/strong><\/p>\n<p>Militante do PCB, H\u00e9lcio foi um dos l\u00edderes da greve dos metal\u00fargicos de Contagem, Minas Gerais \u2013 uma das primeiras depois do golpe militar de 1964 \u2013, onde era conhecido pelo codinome de Ernesto. O livro de D\u00e9lcio, segundo Adail, \u201ctraz informa\u00e7\u00f5es relevantes para o conhecimento de uma \u00e9poca dif\u00edcil de nossa Hist\u00f3ria: \u00e9poca de dor e alegrias; mas tamb\u00e9m de agonia\u201d. Segundo Adail, os militantes da luta armada queriam \u201cum Brasil mais democr\u00e1tico e justo\u201d.<\/p>\n<p>D\u00e9lcio, falando em seguida, narrou a trajet\u00f3ria de vida de seu irm\u00e3o e a luta da fam\u00edlia para resgatar o seu corpo ap\u00f3s o seu assassinato, quando tinha 23 anos, por agentes de seguran\u00e7a que, depois, forjaram \u2013 como era comum na \u00e9poca \u2013 not\u00edcias dizendo que H\u00e9lcio morrera em confronto armado com for\u00e7a policiais.<\/p>\n<p>\u201cH\u00e9lcio foi preso no Rio de Janeiro, torturado no quartel da PE da Bar\u00e3o de Mesquita, um centro de torturas; transferido para S\u00e3o Paulo, foi assassinado a tiros, com requintes de crueldade, no DOI-CODI\u201d, explicou.<\/p>\n<p>Antes dos aut\u00f3grafos, logo ap\u00f3s a fala de D\u00e9lcio, usaram a palavra ainda o fundador do PDT e signat\u00e1rio da Carta de Lisboa, Carlos Fayal, tamb\u00e9m ex-integrante da ALN; e as netas do tamb\u00e9m militante de esquerda Marco Ant\u00f4nio \u201cPlay\u201d, que criaram uma entidade que re\u00fane parentes de perseguidos pol\u00edticos.<\/p>\n<p>O presidente do Conselho Previdenci\u00e1rio do Mapi, Edir In\u00e1cio da Silva, ex-subsecret\u00e1rio de Minas e Energia do governo Brizola, l\u00edder metal\u00fargico de Volta Redonda \u2013 ex-preso pol\u00edtico torturado nas instala\u00e7\u00f5es militares existentes em Barra Mansa, no Sul fluminense \u2013, contou, com emo\u00e7\u00e3o, sobre as atrocidades cometidas pela ditadura, no Sul-Fluminense, e apresentou seu filho, que aos oito anos de idade foi sequestrado para informar o endere\u00e7o em que ele estava abrigado.<\/p>\n<!-- AddThis Advanced Settings generic via filter on the_content --><!-- AddThis Share Buttons generic via filter on the_content -->","protected":false},"excerpt":{"rendered":"<p>Cerca de 80 pessoas participaram do ato de funda\u00e7\u00e3o do Movimento Pr\u00f3-Anistiados do PDT na \u00faltima sexta-feira (12) realizado na Funda\u00e7\u00e3o Leonel Brizola\u2013Alberto Pasqualini (FLB-AP), no Centro do Rio. A cerim\u00f4nia foi inicialmente presidida pela presidente nacional do Movimento dos Aposentados e Idosos do PDT (Mapi), Maria Jos\u00e9 Latg\u00e9, que leu a mensagem do presidente&#8230;<!-- AddThis Advanced Settings generic via filter on wp_trim_excerpt --><!-- AddThis Share Buttons generic via filter on wp_trim_excerpt --><\/p>\n","protected":false},"author":17,"featured_media":54019,"comment_status":"closed","ping_status":"closed","sticky":false,"template":"","format":"standard","meta":{"_monsterinsights_skip_tracking":false,"_monsterinsights_sitenote_active":false,"_monsterinsights_sitenote_note":"","_monsterinsights_sitenote_category":0,"_uf_show_specific_survey":0,"_uf_disable_surveys":false,"footnotes":""},"categories":[1390,1588,1397],"tags":[2335,2336,2334,592,1140,637,2333,38],"class_list":["post-54018","post","type-post","status-publish","format-standard","has-post-thumbnail","hentry","category-editorias","category-mapi","category-movimentos","tag-adail-ivan","tag-doi-codi","tag-hino-da-legalidade","tag-mapi","tag-maria-jose-latge","tag-movimento-dos-aposentados-e-pensionistas-do-pdt","tag-movimento-pro-anistiados-do-pdt","tag-pdt"],"acf":[],"_links":{"self":[{"href":"https:\/\/pdt-rj.org.br\/index.php\/wp-json\/wp\/v2\/posts\/54018","targetHints":{"allow":["GET"]}}],"collection":[{"href":"https:\/\/pdt-rj.org.br\/index.php\/wp-json\/wp\/v2\/posts"}],"about":[{"href":"https:\/\/pdt-rj.org.br\/index.php\/wp-json\/wp\/v2\/types\/post"}],"author":[{"embeddable":true,"href":"https:\/\/pdt-rj.org.br\/index.php\/wp-json\/wp\/v2\/users\/17"}],"replies":[{"embeddable":true,"href":"https:\/\/pdt-rj.org.br\/index.php\/wp-json\/wp\/v2\/comments?post=54018"}],"version-history":[{"count":2,"href":"https:\/\/pdt-rj.org.br\/index.php\/wp-json\/wp\/v2\/posts\/54018\/revisions"}],"predecessor-version":[{"id":54021,"href":"https:\/\/pdt-rj.org.br\/index.php\/wp-json\/wp\/v2\/posts\/54018\/revisions\/54021"}],"wp:featuredmedia":[{"embeddable":true,"href":"https:\/\/pdt-rj.org.br\/index.php\/wp-json\/wp\/v2\/media\/54019"}],"wp:attachment":[{"href":"https:\/\/pdt-rj.org.br\/index.php\/wp-json\/wp\/v2\/media?parent=54018"}],"wp:term":[{"taxonomy":"category","embeddable":true,"href":"https:\/\/pdt-rj.org.br\/index.php\/wp-json\/wp\/v2\/categories?post=54018"},{"taxonomy":"post_tag","embeddable":true,"href":"https:\/\/pdt-rj.org.br\/index.php\/wp-json\/wp\/v2\/tags?post=54018"}],"curies":[{"name":"wp","href":"https:\/\/api.w.org\/{rel}","templated":true}]}}