{"id":54011,"date":"2017-05-16T15:26:22","date_gmt":"2017-05-16T18:26:22","guid":{"rendered":"http:\/\/pdt-rj.org.br\/?p=54011"},"modified":"2017-09-15T18:06:21","modified_gmt":"2017-09-15T21:06:21","slug":"lupi-ataca-governo-ilegitimo-que-retira-direitos","status":"publish","type":"post","link":"https:\/\/pdt-rj.org.br\/index.php\/lupi-ataca-governo-ilegitimo-que-retira-direitos\/","title":{"rendered":"Lupi critica governo ileg\u00edtimo que retira direitos"},"content":{"rendered":"<p><a class=\"profileLink\" href=\"https:\/\/www.facebook.com\/LupiPDT\/\" data-hovercard=\"\/ajax\/hovercard\/page.php?id=1479091025641886\" data-hovercard-prefer-more-content-show=\"1\" data-hovercard-obj-id=\"1479091025641886\">Carlos Lupi<\/a>\u00a0volta a atacar o governo ileg\u00edtimo de Temer, que, segundo jornal de hoje, perdoa d\u00edvidas bilion\u00e1rias de empresas e empurra a conta para o aposentado e o trabalhador \u2013 com as reformas que est\u00e3o atropelando a vontade popular. Segundo Lupi, \u00e9 a fatura que o governo paga aos que apoiaram o golpe.<\/p>\n<p><a href=\"https:\/\/www.youtube.com\/watch?v=kudig0lxKuE&amp;t=10s\">Assista o v\u00eddeo do presidente Nacional do PDT<\/a>.<\/p>\n<p><iframe loading=\"lazy\" title=\"Pres. Carlos Lupi - Folha de S\u00e3o Paulo\" width=\"640\" height=\"360\" src=\"https:\/\/www.youtube.com\/embed\/kudig0lxKuE?feature=oembed\" frameborder=\"0\" allow=\"accelerometer; autoplay; clipboard-write; encrypted-media; gyroscope; picture-in-picture; web-share\" referrerpolicy=\"strict-origin-when-cross-origin\" allowfullscreen><\/iframe><\/p>\n<p>&nbsp;<\/p>\n<!-- AddThis Advanced Settings generic via filter on the_content --><!-- AddThis Share Buttons generic via filter on the_content -->","protected":false},"excerpt":{"rendered":"<p>Carlos Lupi\u00a0volta a atacar o governo ileg\u00edtimo de Temer, que, segundo jornal de hoje, perdoa d\u00edvidas bilion\u00e1rias de empresas e empurra a conta para o aposentado e o trabalhador \u2013 com as reformas que est\u00e3o atropelando a vontade popular. Segundo Lupi, \u00e9 a fatura que o governo paga aos que apoiaram o golpe. Assista o&#8230;<!-- AddThis Advanced Settings generic via filter on wp_trim_excerpt --><!-- AddThis Share Buttons generic via filter on wp_trim_excerpt --><\/p>\n","protected":false},"author":17,"featured_media":54024,"comment_status":"closed","ping_status":"closed","sticky":false,"template":"","format":"standard","meta":{"_monsterinsights_skip_tracking":false,"_monsterinsights_sitenote_active":false,"_monsterinsights_sitenote_note":"","_monsterinsights_sitenote_category":0,"_uf_show_specific_survey":0,"_uf_disable_surveys":false,"footnotes":""},"categories":[1390,1459,1401],"tags":[196,1387],"class_list":["post-54011","post","type-post","status-publish","format-standard","has-post-thumbnail","hentry","category-editorias","category-congresso","category-nacional","tag-carlos-lupi","tag-governo-ilegitimo"],"acf":[],"_links":{"self":[{"href":"https:\/\/pdt-rj.org.br\/index.php\/wp-json\/wp\/v2\/posts\/54011","targetHints":{"allow":["GET"]}}],"collection":[{"href":"https:\/\/pdt-rj.org.br\/index.php\/wp-json\/wp\/v2\/posts"}],"about":[{"href":"https:\/\/pdt-rj.org.br\/index.php\/wp-json\/wp\/v2\/types\/post"}],"author":[{"embeddable":true,"href":"https:\/\/pdt-rj.org.br\/index.php\/wp-json\/wp\/v2\/users\/17"}],"replies":[{"embeddable":true,"href":"https:\/\/pdt-rj.org.br\/index.php\/wp-json\/wp\/v2\/comments?post=54011"}],"version-history":[{"count":9,"href":"https:\/\/pdt-rj.org.br\/index.php\/wp-json\/wp\/v2\/posts\/54011\/revisions"}],"predecessor-version":[{"id":55289,"href":"https:\/\/pdt-rj.org.br\/index.php\/wp-json\/wp\/v2\/posts\/54011\/revisions\/55289"}],"wp:featuredmedia":[{"embeddable":true,"href":"https:\/\/pdt-rj.org.br\/index.php\/wp-json\/wp\/v2\/media\/54024"}],"wp:attachment":[{"href":"https:\/\/pdt-rj.org.br\/index.php\/wp-json\/wp\/v2\/media?parent=54011"}],"wp:term":[{"taxonomy":"category","embeddable":true,"href":"https:\/\/pdt-rj.org.br\/index.php\/wp-json\/wp\/v2\/categories?post=54011"},{"taxonomy":"post_tag","embeddable":true,"href":"https:\/\/pdt-rj.org.br\/index.php\/wp-json\/wp\/v2\/tags?post=54011"}],"curies":[{"name":"wp","href":"https:\/\/api.w.org\/{rel}","templated":true}]}}