{"id":54006,"date":"2017-05-16T12:11:01","date_gmt":"2017-05-16T15:11:01","guid":{"rendered":"http:\/\/pdt-rj.org.br\/?p=54006"},"modified":"2017-05-16T16:43:24","modified_gmt":"2017-05-16T19:43:24","slug":"um-ano-de-escandalos-e-de-crise-economica","status":"publish","type":"post","link":"https:\/\/pdt-rj.org.br\/index.php\/um-ano-de-escandalos-e-de-crise-economica\/","title":{"rendered":"Um ano de esc\u00e2ndalos e de crise econ\u00f4mica"},"content":{"rendered":"<p>Acaba de se completar um ano que, ajudado por Eduardo Cunha e com apoio de grupos conservadores do Congresso, Michel Temer chegou \u00e0 presid\u00eancia da Rep\u00fablica. J\u00e1 antes de assumir o cargo, acenava com a promessa de melhorias significativas na economia brasileira.<\/p>\n<p>Adotou uma plataforma afinada \u00e0s grandes empresas, em especial \u00e0s multinacionais, e ao capital externo. Os resultados t\u00eam sido catastr\u00f3ficos, em especial para quem mais precisa do estado, como os trabalhadores, as mulheres, os jovens, os idosos, os que est\u00e3o nas faixas de menor renda.<\/p>\n<p>De l\u00e1 para c\u00e1, como se sabe, tudo piorou. Na verdade, n\u00e3o poderia ser de outra forma. Trata-se de um governo sob suspeita.<\/p>\n<p>Ao menos dez ministros foram citados em investiga\u00e7\u00f5es. V\u00e1rios j\u00e1 precisaram ser substitu\u00eddos e muitos j\u00e1 deveriam ter sido. Sucederam-se esc\u00e2ndalos, um ap\u00f3s o outro. Do ponto de vista pol\u00edtico, \u00e9 um governo sem credibilidade.<\/p>\n<p>As propostas centrais dos partid\u00e1rios de Temer, vindas dos tempos em que seu grupo preparou o programa batizado de \u201cPonte para o Futuro\u201d eram a cria\u00e7\u00e3o de empregos e a melhoria dos investimentos. Houve o contr\u00e1rio: aumento do desemprego, explos\u00e3o da d\u00edvida p\u00fablica e queda no padr\u00e3o de vida da popula\u00e7\u00e3o.<\/p>\n<p>H\u00e1 um ano, a taxa de desemprego estava ligeiramente acima de 11,2%. Hoje, \u00e9 superior a 13%. S\u00e3o 14 milh\u00f5es de desempregados. A retra\u00e7\u00e3o do Produto Interno Bruto bateu um recorde, sendo superior a 2%. Com isso, caiu tamb\u00e9m a renda per capita dos brasileiros. Ficamos todos mais pobres.<\/p>\n<p>A promessa era acertar as contas do governo. Tamb\u00e9m a\u00ed ocorreu o contr\u00e1rio. O d\u00e9ficit p\u00fablico bateu os R$ 156 bilh\u00f5es ao ano. N\u00e3o \u00e9 de se estranhar. Agora sim existe uma gastan\u00e7a.<\/p>\n<p>Na administra\u00e7\u00e3o direta, liberaram-se j\u00e1 mais de R$ 3 bilh\u00f5es para pagamento das emendas parlamentares, o pre\u00e7o para deputados e senadores dos partidos aliados votarem medidas impopulares como a emenda que imp\u00f4s teto aos investimentos sociais, a reforma trabalhista ou a reforma da Previd\u00eancia.<\/p>\n<p>Processo semelhante ocorre na administra\u00e7\u00e3o indireta. Se ainda no governo anterior sancionou-se a Lei das Estatais, para moralizar sua gest\u00e3o, neste \u00faltimo ano verificou-se um verdadeiro leil\u00e3o de cargos, igualmente com o objetivo de agregar maioria capaz de cumprir sua agenda antipovo.<\/p>\n<p>Partiu do pr\u00f3prio Planalto a alega\u00e7\u00e3o de que se reduziu a infla\u00e7\u00e3o e que se baixaram os juros. Sim, a infla\u00e7\u00e3o caiu. Mas nada h\u00e1 a comemorar, uma vez que isso se fez ao custo de reduzir o poder aquisitivo da popula\u00e7\u00e3o. Se ningu\u00e9m tem com que comprar, evidentemente h\u00e1 queda nos pre\u00e7os.<\/p>\n<p>Da mesma forma, \u00e9 falseada a redu\u00e7\u00e3o da taxa de juros. Sim, a taxa b\u00e1sica do Banco Central caiu de 14,25% para 11,25% nos 12 meses que se passaram at\u00e9 maio de 2017. Entretanto, se essa taxa for calculada em termos reais, descontada a infla\u00e7\u00e3o, constata-se que os juros reais na verdade aumentaram para o consumidor.<\/p>\n<p>A prop\u00f3sito, as taxas permanecem astron\u00f4micas quando anualizadas: superam 400% no cart\u00e3o de cr\u00e9dito e s\u00e3o ainda maiores no cheque especial.<\/p>\n<p>A economia, portanto, vai mal: o desemprego s\u00f3 aumenta, a ind\u00fastria perde terreno, os juros crescem em vez de cair, o poder aquisitivo da popula\u00e7\u00e3o baixa a olhos vistos. O governo Temer, de seu lado, insiste no que seriam medias corretivas, na verdade uma agenda cruel que transfere para os trabalhadores o custo da crise.<\/p>\n<p>\u200bO pior de tudo, por\u00e9m, \u00e9 se aproveitar de uma crise sem precedentes para, acenando com uma recupera\u00e7\u00e3o que nunca aparece, adotar uma s\u00e9rie de medidas cru\u00e9is. As v\u00edtimas dessa crueldade s\u00e3o as faixas de popula\u00e7\u00e3o com menor renda, os trabalhadores em geral, as mulheres, os agricultores pobres, os jovens que buscam ampliar a escolaridade e os que tentam ingressar no mercado de trabalho.<\/p>\n<p>A chamada reforma trabalhista e a reforma da previd\u00eancia s\u00e3o os melhores exemplos disso. Tornaram-se o centro das preocupa\u00e7\u00f5es do governo, que pressiona o Congresso para aprova-las.\u00a0 Caso isso ocorra, ser\u00e1 o maior esbulho de direitos ocorrido no Brasil em todos os tempos.<\/p>\n<p>Um ano se passou desde a posse do governo Temer. Foi um ano de esc\u00e2ndalos, de corrup\u00e7\u00e3o, de deteriora\u00e7\u00e3o da economia, de desemprego, de perda de poder aquisitivo, de precariza\u00e7\u00e3o das rela\u00e7\u00f5es de trabalho e de desmonte da m\u00e1quina estatal. Um horror.<\/p>\n<p>&nbsp;<\/p>\n<p><strong><em>\u00a0*\u00c2ngela Portela \u00e9 senadora pelo PDT.<\/em><\/strong><\/p>\n<!-- AddThis Advanced Settings generic via filter on the_content --><!-- AddThis Share Buttons generic via filter on the_content -->","protected":false},"excerpt":{"rendered":"<p>Acaba de se completar um ano que, ajudado por Eduardo Cunha e com apoio de grupos conservadores do Congresso, Michel Temer chegou \u00e0 presid\u00eancia da Rep\u00fablica. J\u00e1 antes de assumir o cargo, acenava com a promessa de melhorias significativas na economia brasileira. Adotou uma plataforma afinada \u00e0s grandes empresas, em especial \u00e0s multinacionais, e ao&#8230;<!-- AddThis Advanced Settings generic via filter on wp_trim_excerpt --><!-- AddThis Share Buttons generic via filter on wp_trim_excerpt --><\/p>\n","protected":false},"author":17,"featured_media":54007,"comment_status":"closed","ping_status":"closed","sticky":false,"template":"","format":"standard","meta":{"_monsterinsights_skip_tracking":false,"_monsterinsights_sitenote_active":false,"_monsterinsights_sitenote_note":"","_monsterinsights_sitenote_category":0,"_uf_show_specific_survey":0,"_uf_disable_surveys":false,"footnotes":""},"categories":[1584,976],"tags":[2326,2155,2327,1773,1578],"class_list":["post-54006","post","type-post","status-publish","format-standard","has-post-thumbnail","hentry","category-artigos","category-noticias-em-destaque","tag-ponte-para-o-futuro","tag-angela-portela","tag-desemprego","tag-reforma-da-previdencia","tag-reforma-trabalhista"],"acf":[],"_links":{"self":[{"href":"https:\/\/pdt-rj.org.br\/index.php\/wp-json\/wp\/v2\/posts\/54006","targetHints":{"allow":["GET"]}}],"collection":[{"href":"https:\/\/pdt-rj.org.br\/index.php\/wp-json\/wp\/v2\/posts"}],"about":[{"href":"https:\/\/pdt-rj.org.br\/index.php\/wp-json\/wp\/v2\/types\/post"}],"author":[{"embeddable":true,"href":"https:\/\/pdt-rj.org.br\/index.php\/wp-json\/wp\/v2\/users\/17"}],"replies":[{"embeddable":true,"href":"https:\/\/pdt-rj.org.br\/index.php\/wp-json\/wp\/v2\/comments?post=54006"}],"version-history":[{"count":4,"href":"https:\/\/pdt-rj.org.br\/index.php\/wp-json\/wp\/v2\/posts\/54006\/revisions"}],"predecessor-version":[{"id":54023,"href":"https:\/\/pdt-rj.org.br\/index.php\/wp-json\/wp\/v2\/posts\/54006\/revisions\/54023"}],"wp:featuredmedia":[{"embeddable":true,"href":"https:\/\/pdt-rj.org.br\/index.php\/wp-json\/wp\/v2\/media\/54007"}],"wp:attachment":[{"href":"https:\/\/pdt-rj.org.br\/index.php\/wp-json\/wp\/v2\/media?parent=54006"}],"wp:term":[{"taxonomy":"category","embeddable":true,"href":"https:\/\/pdt-rj.org.br\/index.php\/wp-json\/wp\/v2\/categories?post=54006"},{"taxonomy":"post_tag","embeddable":true,"href":"https:\/\/pdt-rj.org.br\/index.php\/wp-json\/wp\/v2\/tags?post=54006"}],"curies":[{"name":"wp","href":"https:\/\/api.w.org\/{rel}","templated":true}]}}