{"id":53992,"date":"2017-05-15T15:37:12","date_gmt":"2017-05-15T18:37:12","guid":{"rendered":"http:\/\/pdt-rj.org.br\/?p=53992"},"modified":"2017-05-15T15:40:51","modified_gmt":"2017-05-15T18:40:51","slug":"comissao-aprova-proposta-de-pompeo-de-mattos-que-cria-selo-obra-publica-legal","status":"publish","type":"post","link":"https:\/\/pdt-rj.org.br\/index.php\/comissao-aprova-proposta-de-pompeo-de-mattos-que-cria-selo-obra-publica-legal\/","title":{"rendered":"Comiss\u00e3o aprova proposta de Pompeo de Mattos que cria \u201cSelo Obra P\u00fablica Legal&#8221;"},"content":{"rendered":"<p>A Comiss\u00e3o de Trabalho da C\u00e2mara aprovou, na \u00faltima\u00a0quarta-feira (10), o Projeto de Lei 3516\/15, do deputado Pompeo de Mattos (PDT-RS), que institui os programas \u201cObra Legal\u201d e o \u201cSelo Obra P\u00fablica Legal\u201d. O relator da mat\u00e9ria na comiss\u00e3o \u00e9 o deputado Wolney Queiroz (PDT-PE).<\/p>\n<p>O Selo Obra P\u00fablica Legal deve ser concedido pela administra\u00e7\u00e3o p\u00fablica, suas autarquias e funda\u00e7\u00f5es, \u00e0s empresas contratadas ou subcontratadas para realiza\u00e7\u00e3o de obras p\u00fablicas que adotem boas pr\u00e1ticas de seguran\u00e7a, prote\u00e7\u00e3o e respeito ao trabalhador, especialmente no setor da constru\u00e7\u00e3o civil.<\/p>\n<p>De acordo com a proposta, o programa incentiva o empreendedor a manter uma pol\u00edtica saud\u00e1vel nas rela\u00e7\u00f5es com seus empregados, respeitando as normas trabalhistas vigentes e assegurando a valoriza\u00e7\u00e3o do trabalhador.<\/p>\n<p>Em caso de concorr\u00eancia p\u00fablica, o Selo poder\u00e1 ser utilizado como crit\u00e9rio de desempate. O texto ressalta ainda que a implanta\u00e7\u00e3o do Selo n\u00e3o acarretar\u00e1 despesa extra ao Poder P\u00fablico.<\/p>\n<!-- AddThis Advanced Settings generic via filter on the_content --><!-- AddThis Share Buttons generic via filter on the_content -->","protected":false},"excerpt":{"rendered":"<p>A Comiss\u00e3o de Trabalho da C\u00e2mara aprovou, na \u00faltima\u00a0quarta-feira (10), o Projeto de Lei 3516\/15, do deputado Pompeo de Mattos (PDT-RS), que institui os programas \u201cObra Legal\u201d e o \u201cSelo Obra P\u00fablica Legal\u201d. O relator da mat\u00e9ria na comiss\u00e3o \u00e9 o deputado Wolney Queiroz (PDT-PE). O Selo Obra P\u00fablica Legal deve ser concedido pela administra\u00e7\u00e3o&#8230;<!-- AddThis Advanced Settings generic via filter on wp_trim_excerpt --><!-- AddThis Share Buttons generic via filter on wp_trim_excerpt --><\/p>\n","protected":false},"author":17,"featured_media":53993,"comment_status":"closed","ping_status":"closed","sticky":false,"template":"","format":"standard","meta":{"_monsterinsights_skip_tracking":false,"_monsterinsights_sitenote_active":false,"_monsterinsights_sitenote_note":"","_monsterinsights_sitenote_category":0,"_uf_show_specific_survey":0,"_uf_disable_surveys":false,"footnotes":""},"categories":[1390,1459],"tags":[2321,38,2322,746,2320,2319,1755,964],"class_list":["post-53992","post","type-post","status-publish","format-standard","has-post-thumbnail","hentry","category-editorias","category-congresso","tag-normas-trabalhistas","tag-pdt","tag-politica-saudavel","tag-pompeo-de-mattos","tag-respeito-ao-trabalhador","tag-selo-obra-publica-legal","tag-valorizacao-do-trabalhador","tag-wolney-queiroz"],"acf":[],"_links":{"self":[{"href":"https:\/\/pdt-rj.org.br\/index.php\/wp-json\/wp\/v2\/posts\/53992","targetHints":{"allow":["GET"]}}],"collection":[{"href":"https:\/\/pdt-rj.org.br\/index.php\/wp-json\/wp\/v2\/posts"}],"about":[{"href":"https:\/\/pdt-rj.org.br\/index.php\/wp-json\/wp\/v2\/types\/post"}],"author":[{"embeddable":true,"href":"https:\/\/pdt-rj.org.br\/index.php\/wp-json\/wp\/v2\/users\/17"}],"replies":[{"embeddable":true,"href":"https:\/\/pdt-rj.org.br\/index.php\/wp-json\/wp\/v2\/comments?post=53992"}],"version-history":[{"count":3,"href":"https:\/\/pdt-rj.org.br\/index.php\/wp-json\/wp\/v2\/posts\/53992\/revisions"}],"predecessor-version":[{"id":53996,"href":"https:\/\/pdt-rj.org.br\/index.php\/wp-json\/wp\/v2\/posts\/53992\/revisions\/53996"}],"wp:featuredmedia":[{"embeddable":true,"href":"https:\/\/pdt-rj.org.br\/index.php\/wp-json\/wp\/v2\/media\/53993"}],"wp:attachment":[{"href":"https:\/\/pdt-rj.org.br\/index.php\/wp-json\/wp\/v2\/media?parent=53992"}],"wp:term":[{"taxonomy":"category","embeddable":true,"href":"https:\/\/pdt-rj.org.br\/index.php\/wp-json\/wp\/v2\/categories?post=53992"},{"taxonomy":"post_tag","embeddable":true,"href":"https:\/\/pdt-rj.org.br\/index.php\/wp-json\/wp\/v2\/tags?post=53992"}],"curies":[{"name":"wp","href":"https:\/\/api.w.org\/{rel}","templated":true}]}}