{"id":53953,"date":"2017-05-11T18:57:05","date_gmt":"2017-05-11T21:57:05","guid":{"rendered":"http:\/\/pdt-rj.org.br\/?p=53953"},"modified":"2017-05-11T18:57:05","modified_gmt":"2017-05-11T21:57:05","slug":"lupi-destrincha-mentira-do-governo-temer-sobre-deficit-da-previdencia","status":"publish","type":"post","link":"https:\/\/pdt-rj.org.br\/index.php\/lupi-destrincha-mentira-do-governo-temer-sobre-deficit-da-previdencia\/","title":{"rendered":"Lupi destrincha mentira do Governo Temer sobre d\u00e9ficit da Previd\u00eancia"},"content":{"rendered":"<p>O presidente nacional do PDT, <a class=\"profileLink\" href=\"https:\/\/www.facebook.com\/LupiPDT\/\" data-hovercard=\"\/ajax\/hovercard\/page.php?id=1479091025641886\" data-hovercard-prefer-more-content-show=\"1\" data-hovercard-obj-id=\"1479091025641886\">Carlos Lupi<\/a>, destrincha, em v\u00eddeo, a mentira que o Governo Temer\u00a0conta para atacar os aposentados com a Reforma da Previd\u00eancia e mostra, com n\u00fameros, as somas absurdas que giram em torno da ren\u00fancia fiscal por parte do Governo com as grandes empresas.\u00a0Ou seja, o que est\u00e1 sendo tirando da popula\u00e7\u00e3o mais vulner\u00e1vel, est\u00e1 indo para o bolso do capital especulativo.<\/p>\n<p>\u00c9 sempre bom lembrar que o PDT fechou quest\u00e3o contra as reformas trabalhista e previdenci\u00e1ria.<\/p>\n<p><iframe loading=\"lazy\" title=\"CARLOS LUPI - DEFICIT DA PREVIDENCIA\" width=\"640\" height=\"360\" src=\"https:\/\/www.youtube.com\/embed\/wUw0orknQgE?feature=oembed\" frameborder=\"0\" allow=\"accelerometer; autoplay; clipboard-write; encrypted-media; gyroscope; picture-in-picture; web-share\" referrerpolicy=\"strict-origin-when-cross-origin\" allowfullscreen><\/iframe><\/p>\n<!-- AddThis Advanced Settings generic via filter on the_content --><!-- AddThis Share Buttons generic via filter on the_content -->","protected":false},"excerpt":{"rendered":"<p>O presidente nacional do PDT, Carlos Lupi, destrincha, em v\u00eddeo, a mentira que o Governo Temer\u00a0conta para atacar os aposentados com a Reforma da Previd\u00eancia e mostra, com n\u00fameros, as somas absurdas que giram em torno da ren\u00fancia fiscal por parte do Governo com as grandes empresas.\u00a0Ou seja, o que est\u00e1 sendo tirando da popula\u00e7\u00e3o&#8230;<!-- AddThis Advanced Settings generic via filter on wp_trim_excerpt --><!-- AddThis Share Buttons generic via filter on wp_trim_excerpt --><\/p>\n","protected":false},"author":17,"featured_media":53954,"comment_status":"closed","ping_status":"closed","sticky":false,"template":"","format":"standard","meta":{"_monsterinsights_skip_tracking":false,"_monsterinsights_sitenote_active":false,"_monsterinsights_sitenote_note":"","_monsterinsights_sitenote_category":0,"_uf_show_specific_survey":0,"_uf_disable_surveys":false,"footnotes":""},"categories":[976],"tags":[196,2316,38,1773],"class_list":["post-53953","post","type-post","status-publish","format-standard","has-post-thumbnail","hentry","category-noticias-em-destaque","tag-carlos-lupi","tag-deficit","tag-pdt","tag-reforma-da-previdencia"],"acf":[],"_links":{"self":[{"href":"https:\/\/pdt-rj.org.br\/index.php\/wp-json\/wp\/v2\/posts\/53953","targetHints":{"allow":["GET"]}}],"collection":[{"href":"https:\/\/pdt-rj.org.br\/index.php\/wp-json\/wp\/v2\/posts"}],"about":[{"href":"https:\/\/pdt-rj.org.br\/index.php\/wp-json\/wp\/v2\/types\/post"}],"author":[{"embeddable":true,"href":"https:\/\/pdt-rj.org.br\/index.php\/wp-json\/wp\/v2\/users\/17"}],"replies":[{"embeddable":true,"href":"https:\/\/pdt-rj.org.br\/index.php\/wp-json\/wp\/v2\/comments?post=53953"}],"version-history":[{"count":1,"href":"https:\/\/pdt-rj.org.br\/index.php\/wp-json\/wp\/v2\/posts\/53953\/revisions"}],"predecessor-version":[{"id":53955,"href":"https:\/\/pdt-rj.org.br\/index.php\/wp-json\/wp\/v2\/posts\/53953\/revisions\/53955"}],"wp:featuredmedia":[{"embeddable":true,"href":"https:\/\/pdt-rj.org.br\/index.php\/wp-json\/wp\/v2\/media\/53954"}],"wp:attachment":[{"href":"https:\/\/pdt-rj.org.br\/index.php\/wp-json\/wp\/v2\/media?parent=53953"}],"wp:term":[{"taxonomy":"category","embeddable":true,"href":"https:\/\/pdt-rj.org.br\/index.php\/wp-json\/wp\/v2\/categories?post=53953"},{"taxonomy":"post_tag","embeddable":true,"href":"https:\/\/pdt-rj.org.br\/index.php\/wp-json\/wp\/v2\/tags?post=53953"}],"curies":[{"name":"wp","href":"https:\/\/api.w.org\/{rel}","templated":true}]}}