{"id":53948,"date":"2017-05-11T18:35:28","date_gmt":"2017-05-11T21:35:28","guid":{"rendered":"http:\/\/pdt-rj.org.br\/?p=53948"},"modified":"2017-05-17T22:20:31","modified_gmt":"2017-05-18T01:20:31","slug":"comandada-por-flavia-morais-clp-inaugura-audiencia-com-videoconferencia","status":"publish","type":"post","link":"https:\/\/pdt-rj.org.br\/index.php\/comandada-por-flavia-morais-clp-inaugura-audiencia-com-videoconferencia\/","title":{"rendered":"Comandada por Fl\u00e1via Morais, CLP inaugura audi\u00eancia com videoconfer\u00eancia"},"content":{"rendered":"<p>Desde que assumiu a presid\u00eancia da Comiss\u00e3o de Legisla\u00e7\u00e3o Participativa (CLP), da C\u00e2mara dos Deputados, a deputada federal Fl\u00e1via Morais (PDT-GO) tem aproximado a popula\u00e7\u00e3o do processo legislativo. Nessa quarta-feira (10) pela primeira vez, a Comiss\u00e3o possibilitou a participa\u00e7\u00e3o de entidades via videoconfer\u00eancia.<\/p>\n<p>Durante a abertura dos trabalhos, Fl\u00e1via Morais demostrou satisfa\u00e7\u00e3o ao inaugurar a nova modalidade de participa\u00e7\u00e3o de entidades.\u00a0Quem marcou presen\u00e7a virtual na reuni\u00e3o inaugural foram os representantes das entidades Dom\u00e9stica Legal, M\u00e1rio Avelino e da ONG SOS Seguran\u00e7a da Vida, Maur\u00edcio Naval.&#8212;&#8212;<\/p>\n<p>Para a parlamentar, o objetivo \u00e9 de oferecer maior participa\u00e7\u00e3o da sociedade ao Parlamento, tendo em vista que a Comiss\u00e3o a qual preside trata se de f\u00f3rum leg\u00edtimo para promover diversas formas de participa\u00e7\u00e3o da sociedade civil organizada.<\/p>\n<p>Fl\u00e1via Morais considera ainda que as audi\u00eancias com possibilidade de participa\u00e7\u00f5es via videoconfer\u00eancia garantem uma participa\u00e7\u00e3o mais efetiva, para Fl\u00e1via a nova modalidade diminui os custos al\u00e9m possibilitar a participa\u00e7\u00e3o de entidades que por um motivo ou outro n\u00e3o podem enviar representantes \u00e0 C\u00e2mara dos Deputados.<\/p>\n<!-- AddThis Advanced Settings generic via filter on the_content --><!-- AddThis Share Buttons generic via filter on the_content -->","protected":false},"excerpt":{"rendered":"<p>Desde que assumiu a presid\u00eancia da Comiss\u00e3o de Legisla\u00e7\u00e3o Participativa (CLP), da C\u00e2mara dos Deputados, a deputada federal Fl\u00e1via Morais (PDT-GO) tem aproximado a popula\u00e7\u00e3o do processo legislativo. Nessa quarta-feira (10) pela primeira vez, a Comiss\u00e3o possibilitou a participa\u00e7\u00e3o de entidades via videoconfer\u00eancia. Durante a abertura dos trabalhos, Fl\u00e1via Morais demostrou satisfa\u00e7\u00e3o ao inaugurar a&#8230;<!-- AddThis Advanced Settings generic via filter on wp_trim_excerpt --><!-- AddThis Share Buttons generic via filter on wp_trim_excerpt --><\/p>\n","protected":false},"author":17,"featured_media":53951,"comment_status":"closed","ping_status":"closed","sticky":false,"template":"","format":"standard","meta":{"_monsterinsights_skip_tracking":false,"_monsterinsights_sitenote_active":false,"_monsterinsights_sitenote_note":"","_monsterinsights_sitenote_category":0,"_uf_show_specific_survey":0,"_uf_disable_surveys":false,"footnotes":""},"categories":[1390],"tags":[2315,406,38,2314],"class_list":["post-53948","post","type-post","status-publish","format-standard","has-post-thumbnail","hentry","category-editorias","tag-audiencia-via-videoconferencia","tag-flavia-morais","tag-pdt","tag-videoconferencia"],"acf":[],"_links":{"self":[{"href":"https:\/\/pdt-rj.org.br\/index.php\/wp-json\/wp\/v2\/posts\/53948","targetHints":{"allow":["GET"]}}],"collection":[{"href":"https:\/\/pdt-rj.org.br\/index.php\/wp-json\/wp\/v2\/posts"}],"about":[{"href":"https:\/\/pdt-rj.org.br\/index.php\/wp-json\/wp\/v2\/types\/post"}],"author":[{"embeddable":true,"href":"https:\/\/pdt-rj.org.br\/index.php\/wp-json\/wp\/v2\/users\/17"}],"replies":[{"embeddable":true,"href":"https:\/\/pdt-rj.org.br\/index.php\/wp-json\/wp\/v2\/comments?post=53948"}],"version-history":[{"count":2,"href":"https:\/\/pdt-rj.org.br\/index.php\/wp-json\/wp\/v2\/posts\/53948\/revisions"}],"predecessor-version":[{"id":54047,"href":"https:\/\/pdt-rj.org.br\/index.php\/wp-json\/wp\/v2\/posts\/53948\/revisions\/54047"}],"wp:featuredmedia":[{"embeddable":true,"href":"https:\/\/pdt-rj.org.br\/index.php\/wp-json\/wp\/v2\/media\/53951"}],"wp:attachment":[{"href":"https:\/\/pdt-rj.org.br\/index.php\/wp-json\/wp\/v2\/media?parent=53948"}],"wp:term":[{"taxonomy":"category","embeddable":true,"href":"https:\/\/pdt-rj.org.br\/index.php\/wp-json\/wp\/v2\/categories?post=53948"},{"taxonomy":"post_tag","embeddable":true,"href":"https:\/\/pdt-rj.org.br\/index.php\/wp-json\/wp\/v2\/tags?post=53948"}],"curies":[{"name":"wp","href":"https:\/\/api.w.org\/{rel}","templated":true}]}}