{"id":53942,"date":"2017-05-11T16:19:16","date_gmt":"2017-05-11T19:19:16","guid":{"rendered":"http:\/\/pdt-rj.org.br\/?p=53942"},"modified":"2017-05-11T16:19:16","modified_gmt":"2017-05-11T19:19:16","slug":"emenda-de-rodrigo-coelho-garante-licenca-a-servidores-adotantes","status":"publish","type":"post","link":"https:\/\/pdt-rj.org.br\/index.php\/emenda-de-rodrigo-coelho-garante-licenca-a-servidores-adotantes\/","title":{"rendered":"Emenda de Rodrigo Coelho garante licen\u00e7a a servidores adotantes"},"content":{"rendered":"<p>A Assembleia Legislativa do Esp\u00edrito Santo (Ales) aprovou nessa quarta (10) o Projeto de Lei Complementar (PLC) 13\/2017, de autoria do Governo do Estado, que amplia para 180 dias o per\u00edodo de licen\u00e7a maternidade para as servidoras p\u00fablicas estaduais. O texto traz uma emenda de autoria do deputado Rodrigo Coelho (PDT) tamb\u00e9m garante licen\u00e7a de 180 dias aos servidores p\u00fablicos que adotarem ou obtiverem guarda judicial de crian\u00e7as.<\/p>\n<p>O texto anterior, garantia essa licen\u00e7a apenas para quem adotasse crian\u00e7as de at\u00e9 um ano, reduzindo o benef\u00edcio para 90 dias em caso de ado\u00e7\u00e3o de crian\u00e7as maiores.\u00a0Rodrigo Coelho apresentou emenda por entender que a reda\u00e7\u00e3o anterior poderia dificultar a ado\u00e7\u00e3o de crian\u00e7as maiores, que j\u00e1 t\u00eam chances reduzidas de ingressar em uma fam\u00edlia .<\/p>\n<p>\u201cAcreditamos que resguardar o direito das licen\u00e7as para servidores e servidoras que adotam crian\u00e7as \u00e9 uma forma de incentivar o acolhimento das crian\u00e7as em fam\u00edlias que possam am\u00e1-las e lhes conceder as bases para seu crescimento sadio. Toda medida nesse sentido \u00e9 ben\u00e9fica, especialmente as que resguardem os interesses das crian\u00e7as maiores, cujas chances de conseguir encontrar uma fam\u00edlia s\u00e3o menores\u201d, acredita Rodrigo Coelho.<\/p>\n<p>A mat\u00e9ria aprovada tamb\u00e9m estende os mesmos benef\u00edcios aos servidores e servidoras da Pol\u00edcia Militar e do Corpo de Bombeiros do Esp\u00edrito Santo. Para os casos de casais adotantes, se ambos os c\u00f4njuges foram servidores p\u00fablicos, apenas um deles ter\u00e1 direito \u00e0 referida licen\u00e7a.<\/p>\n<p>\u201cN\u00e3o \u00e9 razo\u00e1vel a gente incentivar que o servidor p\u00fablico do estado do Esp\u00edrito Santo adote crian\u00e7as somente se ela tiver menos de um ano. Um grande problema que temos \u00e9 exatamente o das crian\u00e7as que passam de um ano e que n\u00e3o s\u00e3o adotadas por esse motivo, simplesmente por esse motivo. Portanto, consideramos essa emenda um avan\u00e7o e ficamos felizes com o seu acatamento\u201d, analisou o pedetista.<\/p>\n<p>Em abril, quando foi apreciado o PLC 08\/2017, que tratava da amplia\u00e7\u00e3o da licen\u00e7a paternidade para 20 dias para os servidores estaduais, Rodrigo Coelho tamb\u00e9m garantiu emendas. Uma delas estende aos pais a licen\u00e7a de 180 dias em caso de \u00f3bito da m\u00e3e.<\/p>\n<!-- AddThis Advanced Settings generic via filter on the_content --><!-- AddThis Share Buttons generic via filter on the_content -->","protected":false},"excerpt":{"rendered":"<p>A Assembleia Legislativa do Esp\u00edrito Santo (Ales) aprovou nessa quarta (10) o Projeto de Lei Complementar (PLC) 13\/2017, de autoria do Governo do Estado, que amplia para 180 dias o per\u00edodo de licen\u00e7a maternidade para as servidoras p\u00fablicas estaduais. O texto traz uma emenda de autoria do deputado Rodrigo Coelho (PDT) tamb\u00e9m garante licen\u00e7a de&#8230;<!-- AddThis Advanced Settings generic via filter on wp_trim_excerpt --><!-- AddThis Share Buttons generic via filter on wp_trim_excerpt --><\/p>\n","protected":false},"author":17,"featured_media":53945,"comment_status":"closed","ping_status":"closed","sticky":false,"template":"","format":"standard","meta":{"_monsterinsights_skip_tracking":false,"_monsterinsights_sitenote_active":false,"_monsterinsights_sitenote_note":"","_monsterinsights_sitenote_category":0,"_uf_show_specific_survey":0,"_uf_disable_surveys":false,"footnotes":""},"categories":[1390,1402],"tags":[1770,1046,38,1448],"class_list":["post-53942","post","type-post","status-publish","format-standard","has-post-thumbnail","hentry","category-editorias","category-cidades","tag-espirito-santo","tag-licenca-maternidade","tag-pdt","tag-rodrigo-coelho"],"acf":[],"_links":{"self":[{"href":"https:\/\/pdt-rj.org.br\/index.php\/wp-json\/wp\/v2\/posts\/53942","targetHints":{"allow":["GET"]}}],"collection":[{"href":"https:\/\/pdt-rj.org.br\/index.php\/wp-json\/wp\/v2\/posts"}],"about":[{"href":"https:\/\/pdt-rj.org.br\/index.php\/wp-json\/wp\/v2\/types\/post"}],"author":[{"embeddable":true,"href":"https:\/\/pdt-rj.org.br\/index.php\/wp-json\/wp\/v2\/users\/17"}],"replies":[{"embeddable":true,"href":"https:\/\/pdt-rj.org.br\/index.php\/wp-json\/wp\/v2\/comments?post=53942"}],"version-history":[{"count":2,"href":"https:\/\/pdt-rj.org.br\/index.php\/wp-json\/wp\/v2\/posts\/53942\/revisions"}],"predecessor-version":[{"id":53946,"href":"https:\/\/pdt-rj.org.br\/index.php\/wp-json\/wp\/v2\/posts\/53942\/revisions\/53946"}],"wp:featuredmedia":[{"embeddable":true,"href":"https:\/\/pdt-rj.org.br\/index.php\/wp-json\/wp\/v2\/media\/53945"}],"wp:attachment":[{"href":"https:\/\/pdt-rj.org.br\/index.php\/wp-json\/wp\/v2\/media?parent=53942"}],"wp:term":[{"taxonomy":"category","embeddable":true,"href":"https:\/\/pdt-rj.org.br\/index.php\/wp-json\/wp\/v2\/categories?post=53942"},{"taxonomy":"post_tag","embeddable":true,"href":"https:\/\/pdt-rj.org.br\/index.php\/wp-json\/wp\/v2\/tags?post=53942"}],"curies":[{"name":"wp","href":"https:\/\/api.w.org\/{rel}","templated":true}]}}