{"id":53900,"date":"2017-05-10T10:47:14","date_gmt":"2017-05-10T13:47:14","guid":{"rendered":"http:\/\/pdt-rj.org.br\/?p=53900"},"modified":"2017-05-10T11:15:30","modified_gmt":"2017-05-10T14:15:30","slug":"pdt-vai-ao-supremo-para-incluir-temer-nas-investigacoes-da-lava-jato","status":"publish","type":"post","link":"https:\/\/pdt-rj.org.br\/index.php\/pdt-vai-ao-supremo-para-incluir-temer-nas-investigacoes-da-lava-jato\/","title":{"rendered":"PDT vai ao STF para incluir Temer nas investiga\u00e7\u00f5es da Lava Jato"},"content":{"rendered":"<p>O presidente nacional do PDT, Carlos Lupi, e seu vice, deputado federal Andr\u00e9 Figueiredo, ajuizaram no Supremo Tribunal Federal (STF), ontem (9), uma A\u00e7\u00e3o Direta de Inconstitucionalidade (ADI) contra a interpreta\u00e7\u00e3o dada \u00e0 Constitui\u00e7\u00e3o Federal, pela Procuradoria Geral da Rep\u00fablica, que livrou o presidente Michel Temer de responder inqu\u00e9rito nas investiga\u00e7\u00f5es da Lava-Jato, mesmo citado 43 vezes nas dela\u00e7\u00f5es premiadas.<\/p>\n<p>Em despacho recente, o procurador Rodrigo Janot argumentou que na vig\u00eancia do mandato do presidente da Rep\u00fablica, a Constitui\u00e7\u00e3o proibiria a instaura\u00e7\u00e3o de inqu\u00e9rito para investigar infra\u00e7\u00f5es penais comuns estranhas ao exerc\u00edcio de suas fun\u00e7\u00f5es.<\/p>\n<p>A interpreta\u00e7\u00e3o de Janot contraria a jurisprud\u00eancia do STF que j\u00e1 decidiu, no passado, que a imunidade processual prevista no \u00a7 4o do artigo 86 da Constitui\u00e7\u00e3o n\u00e3o inclui os inqu\u00e9ritos, considerados atos pr\u00e9-processuais para apura\u00e7\u00e3o de infra\u00e7\u00f5es penais comuns, ainda que n\u00e3o ostentem rela\u00e7\u00e3o com o mandato presidencial. Em dois precedentes envolvendo o ent\u00e3o presidente Fernando Collor de Mello, o Tribunal foi muito claro ao reconhecer a legitimidade da investiga\u00e7\u00e3o policial ou da investiga\u00e7\u00e3o criminal promovida pelo Minist\u00e9rio P\u00fablico contra o presidente da Rep\u00fablica.<\/p>\n<p>Na a\u00e7\u00e3o, o PDT alega que vedar a instaura\u00e7\u00e3o de inqu\u00e9rito contra Michel Temer \u00e9 norma de flagrante inconstitucionalidade, tamb\u00e9m sob o prisma da igualdade. \u201cImpedir o exerc\u00edcio da atividade investigat\u00f3ria \u00e9 efetivamente absolver e tornar impune um entre os demais cidad\u00e3os\u201d, explicou Andr\u00e9 Figueiredo.<\/p>\n<p>Ainda segundo o deputado, \u00e9 somente com a ado\u00e7\u00e3o de provid\u00eancias investigat\u00f3rias que ser\u00e1 poss\u00edvel preservar eventuais elementos de provas indispens\u00e1veis \u00e0 comprova\u00e7\u00e3o de crimes, sem rela\u00e7\u00e3o com o mandato presidencial, inclusive anteriores, mas que s\u00f3 poder\u00e3o ser processados no futuro.<\/p>\n<p>O PDT pede que o STF declare inconstitucional a interpreta\u00e7\u00e3o dada pelo procurador-geral da Rep\u00fablica que impede a investiga\u00e7\u00e3o criminal do presidente da Rep\u00fablica e assim reconhe\u00e7a a legalidade de eventual abertura de investiga\u00e7\u00e3o.<\/p>\n<p><a href=\"http:\/\/pdt-rj.org.br\/wp-content\/uploads\/2017\/05\/ADI-5701.pdf\">ADI 5701<\/a><\/p>\n<!-- AddThis Advanced Settings generic via filter on the_content --><!-- AddThis Share Buttons generic via filter on the_content -->","protected":false},"excerpt":{"rendered":"<p>O presidente nacional do PDT, Carlos Lupi, e seu vice, deputado federal Andr\u00e9 Figueiredo, ajuizaram no Supremo Tribunal Federal (STF), ontem (9), uma A\u00e7\u00e3o Direta de Inconstitucionalidade (ADI) contra a interpreta\u00e7\u00e3o dada \u00e0 Constitui\u00e7\u00e3o Federal, pela Procuradoria Geral da Rep\u00fablica, que livrou o presidente Michel Temer de responder inqu\u00e9rito nas investiga\u00e7\u00f5es da Lava-Jato, mesmo citado&#8230;<!-- AddThis Advanced Settings generic via filter on wp_trim_excerpt --><!-- AddThis Share Buttons generic via filter on wp_trim_excerpt --><\/p>\n","protected":false},"author":17,"featured_media":53901,"comment_status":"closed","ping_status":"closed","sticky":false,"template":"","format":"standard","meta":{"_monsterinsights_skip_tracking":false,"_monsterinsights_sitenote_active":false,"_monsterinsights_sitenote_note":"","_monsterinsights_sitenote_category":0,"_uf_show_specific_survey":0,"_uf_disable_surveys":false,"footnotes":""},"categories":[975],"tags":[1784,34,196,48],"class_list":["post-53900","post","type-post","status-publish","format-standard","has-post-thumbnail","hentry","category-manchete","tag-adi","tag-andre-figueiredo","tag-carlos-lupi","tag-lava-jato"],"acf":[],"_links":{"self":[{"href":"https:\/\/pdt-rj.org.br\/index.php\/wp-json\/wp\/v2\/posts\/53900","targetHints":{"allow":["GET"]}}],"collection":[{"href":"https:\/\/pdt-rj.org.br\/index.php\/wp-json\/wp\/v2\/posts"}],"about":[{"href":"https:\/\/pdt-rj.org.br\/index.php\/wp-json\/wp\/v2\/types\/post"}],"author":[{"embeddable":true,"href":"https:\/\/pdt-rj.org.br\/index.php\/wp-json\/wp\/v2\/users\/17"}],"replies":[{"embeddable":true,"href":"https:\/\/pdt-rj.org.br\/index.php\/wp-json\/wp\/v2\/comments?post=53900"}],"version-history":[{"count":7,"href":"https:\/\/pdt-rj.org.br\/index.php\/wp-json\/wp\/v2\/posts\/53900\/revisions"}],"predecessor-version":[{"id":53915,"href":"https:\/\/pdt-rj.org.br\/index.php\/wp-json\/wp\/v2\/posts\/53900\/revisions\/53915"}],"wp:featuredmedia":[{"embeddable":true,"href":"https:\/\/pdt-rj.org.br\/index.php\/wp-json\/wp\/v2\/media\/53901"}],"wp:attachment":[{"href":"https:\/\/pdt-rj.org.br\/index.php\/wp-json\/wp\/v2\/media?parent=53900"}],"wp:term":[{"taxonomy":"category","embeddable":true,"href":"https:\/\/pdt-rj.org.br\/index.php\/wp-json\/wp\/v2\/categories?post=53900"},{"taxonomy":"post_tag","embeddable":true,"href":"https:\/\/pdt-rj.org.br\/index.php\/wp-json\/wp\/v2\/tags?post=53900"}],"curies":[{"name":"wp","href":"https:\/\/api.w.org\/{rel}","templated":true}]}}