{"id":53890,"date":"2017-05-10T00:03:17","date_gmt":"2017-05-10T03:03:17","guid":{"rendered":"http:\/\/pdt-rj.org.br\/?p=53890"},"modified":"2017-05-10T11:14:10","modified_gmt":"2017-05-10T14:14:10","slug":"cinco-anos-sem-neiva-moreira","status":"publish","type":"post","link":"https:\/\/pdt-rj.org.br\/index.php\/cinco-anos-sem-neiva-moreira\/","title":{"rendered":"H\u00e1 cinco anos, Brasil perdia Neiva Moreira"},"content":{"rendered":"<p>Hoje (10), o PDT recorda o amigo Jos\u00e9 Guimar\u00e3es Neiva Moreira, um nordestino que acreditava na justi\u00e7a social, na fraternidade dos povos, no resgate da popula\u00e7\u00e3o pobre e desassistida do Brasil. O eterno deputado trabalhista viveu convicto de que a pol\u00edtica \u00e9 o caminho para mudar sociedades e trazer esperan\u00e7a \u00e0 gente desamparada. Falecido h\u00e1 cinco anos, Neiva deixou sua biografia como testemunho de que \u00e9 poss\u00edvel lutar por um mundo mais justo.<\/p>\n<p>Maranhense de Nova Iorque, Neiva Moreira nasceu em 10 de outubro de 1917. Tornou-se jornalista ainda muito jovem e atuou em ve\u00edculos como o peri\u00f3dico <em>Pacotilha<\/em>, os jornais <em>Di\u00e1rio da Noite<\/em> e <em>O Jornal<\/em>, e a revista <em>O Cruzeiro<\/em>. Em 1950, Jos\u00e9 Guimar\u00e3es entra para a pol\u00edtica sendo eleito deputado \u00e0 Assembleia Legislativa do Maranh\u00e3o. L\u00e1, mostra sua veia nacionalista defendendo a cria\u00e7\u00e3o da Petrobr\u00e1s e da Eletrobr\u00e1s. Nascia ent\u00e3o o pol\u00edtico que brigaria, at\u00e9 a \u00faltima inst\u00e2ncia, pelo desenvolvimento soberano nacional, pela melhoria de vida do povo brasileiro.<\/p>\n<p>Ap\u00f3s a morte de Get\u00falio Vargas, em um per\u00edodo de grande instabilidade pol\u00edtica, o ent\u00e3o deputado federal Neiva Moreira foi um dos fundadores da Frente Parlamentar Nacionalista. Quando Jango assumiu a presid\u00eancia da Rep\u00fablica, o parlamentar defendeu conscientemente as Reformas de Base. Queria o bem do povo brasileiro; acabou arrastado pelo mesmo tsunami que destituiu o presidente.<\/p>\n<p>Com o Golpe Militar, em 1964, Neiva Moreira foi deposto e exilado \u2013 n\u00e3o antes de amargar alguns meses como preso pol\u00edtico. Passou 15 anos migrando entre pa\u00edses da America latina gra\u00e7as ao surgimento sucessivo de governos totalitaristas. Foi recebido e expulso da Bol\u00edvia, do Uruguai, da Argentina e do Peru. Seu \u00faltimo pouso foi no M\u00e9xico, onde ficou de 1976 at\u00e9 a reabertura pol\u00edtica no Brasil em 1979, quando retornou ao pa\u00eds.<\/p>\n<p>De volta a sua p\u00e1tria, aliou-se a Brizola e ajudou a fundar o Partido Democr\u00e1tico Trabalhista (PDT). Neiva Moreira, enfim, retomou sua luta amparado por uma legenda que, assim como ele, \u00e9 norteada pelo senso de justi\u00e7a social. Em 1982, foi nomeado secret\u00e1rio de Comunica\u00e7\u00e3o Social do Estado do Rio e, em seguida, presidente do Banco de Desenvolvimento daquele Estado, pelo governador Leonel Brizola.<\/p>\n<p>Na d\u00e9cada seguinte, Neiva Moreira foi eleito para a Academia Maranhense de Letras e voltou a ocupar uma cadeira na C\u00e2mara dos Deputados. At\u00e9 o \u00faltimo momento, brigou pelo desenvolvimento do pa\u00eds acreditando na possibilidade da erradica\u00e7\u00e3o da mis\u00e9ria, da redistribui\u00e7\u00e3o de renda e no poder da educa\u00e7\u00e3o como agente transformador da sociedade.<\/p>\n<p>Em poucas palavras, o presidente nacional do PDT, Carlos Lupi, descreveu Jos\u00e9 Guimar\u00e3es Neiva Moreira: \u201cO Neiva, como Brizola, Darcy, Jango e Get\u00falio, \u00e9 a prova cabal de que vale a pena fazer pol\u00edtica com sonhos, com ideias, com utopias\u201d.<\/p>\n<!-- AddThis Advanced Settings generic via filter on the_content --><!-- AddThis Share Buttons generic via filter on the_content -->","protected":false},"excerpt":{"rendered":"<p>Hoje (10), o PDT recorda o amigo Jos\u00e9 Guimar\u00e3es Neiva Moreira, um nordestino que acreditava na justi\u00e7a social, na fraternidade dos povos, no resgate da popula\u00e7\u00e3o pobre e desassistida do Brasil. O eterno deputado trabalhista viveu convicto de que a pol\u00edtica \u00e9 o caminho para mudar sociedades e trazer esperan\u00e7a \u00e0 gente desamparada. Falecido h\u00e1&#8230;<!-- AddThis Advanced Settings generic via filter on wp_trim_excerpt --><!-- AddThis Share Buttons generic via filter on wp_trim_excerpt --><\/p>\n","protected":false},"author":17,"featured_media":53898,"comment_status":"closed","ping_status":"closed","sticky":false,"template":"","format":"standard","meta":{"_monsterinsights_skip_tracking":false,"_monsterinsights_sitenote_active":false,"_monsterinsights_sitenote_note":"","_monsterinsights_sitenote_category":0,"_uf_show_specific_survey":0,"_uf_disable_surveys":false,"footnotes":""},"categories":[1401,976],"tags":[179,196,437,513,536,45],"class_list":["post-53890","post","type-post","status-publish","format-standard","has-post-thumbnail","hentry","category-nacional","category-noticias-em-destaque","tag-brizola","tag-carlos-lupi","tag-getulio-vargas","tag-jango","tag-justica-social","tag-neiva-moreira"],"acf":[],"_links":{"self":[{"href":"https:\/\/pdt-rj.org.br\/index.php\/wp-json\/wp\/v2\/posts\/53890","targetHints":{"allow":["GET"]}}],"collection":[{"href":"https:\/\/pdt-rj.org.br\/index.php\/wp-json\/wp\/v2\/posts"}],"about":[{"href":"https:\/\/pdt-rj.org.br\/index.php\/wp-json\/wp\/v2\/types\/post"}],"author":[{"embeddable":true,"href":"https:\/\/pdt-rj.org.br\/index.php\/wp-json\/wp\/v2\/users\/17"}],"replies":[{"embeddable":true,"href":"https:\/\/pdt-rj.org.br\/index.php\/wp-json\/wp\/v2\/comments?post=53890"}],"version-history":[{"count":5,"href":"https:\/\/pdt-rj.org.br\/index.php\/wp-json\/wp\/v2\/posts\/53890\/revisions"}],"predecessor-version":[{"id":53917,"href":"https:\/\/pdt-rj.org.br\/index.php\/wp-json\/wp\/v2\/posts\/53890\/revisions\/53917"}],"wp:featuredmedia":[{"embeddable":true,"href":"https:\/\/pdt-rj.org.br\/index.php\/wp-json\/wp\/v2\/media\/53898"}],"wp:attachment":[{"href":"https:\/\/pdt-rj.org.br\/index.php\/wp-json\/wp\/v2\/media?parent=53890"}],"wp:term":[{"taxonomy":"category","embeddable":true,"href":"https:\/\/pdt-rj.org.br\/index.php\/wp-json\/wp\/v2\/categories?post=53890"},{"taxonomy":"post_tag","embeddable":true,"href":"https:\/\/pdt-rj.org.br\/index.php\/wp-json\/wp\/v2\/tags?post=53890"}],"curies":[{"name":"wp","href":"https:\/\/api.w.org\/{rel}","templated":true}]}}