{"id":53880,"date":"2017-05-11T23:39:58","date_gmt":"2017-05-12T02:39:58","guid":{"rendered":"http:\/\/pdt-rj.org.br\/?p=53880"},"modified":"2017-05-12T13:18:55","modified_gmt":"2017-05-12T16:18:55","slug":"ciro-e-hora-de-rua","status":"publish","type":"post","link":"https:\/\/pdt-rj.org.br\/index.php\/ciro-e-hora-de-rua\/","title":{"rendered":"Em agenda no Rio de Janeiro, Ciro \u00e9 taxativo: \u00c9 hora de rua"},"content":{"rendered":"<p>O pr\u00e9-candidato do PDT \u00e0 Presid\u00eancia da Rep\u00fablica, ex-ministro Ciro Gomes, reuniu-se nessa segunda-feira (8) com centenas de estudantes e professores na Universidade Estadual do Rio de Janeiro (UERJ) em palestras seguidas de debate nos audit\u00f3rios absolutamente lotados do Instituto Alberto Luiz Coimbra de P\u00f3s-Gradua\u00e7\u00e3o e Engenharia (Coppe), na ilha do Fund\u00e3o, pela manh\u00e3 ,\u00a0e no audit\u00f3rio 11, \u00e0 noite, onde houve at\u00e9 um princ\u00edpio de tumulto, t\u00e3o grande era a quantidade de pessoas querendo assistir e a incapacidade de receb\u00ea-las no local.<\/p>\n<p>Ciro assumiu o compromisso com as entidades estudantis e de docentes da UERJ de voltar em outra oportunidade para falar no anfiteatro da institui\u00e7\u00e3o. O\u00a0presidenci\u00e1vel conheceu\u00a0o Maglev, prot\u00f3tipo de trem desenvolvido pela Coppe que se desloca por levita\u00e7\u00e3o magn\u00e9tica.<\/p>\n<p>Nas palestras, Ciro falou sobre o Brasil de hoje, sobre Temer, sobre a Lava Jato e, principalmente, sobre os caminhos para o Brasil ultrapassar o dif\u00edcil momento da vida nacional que vive.<\/p>\n<p>\u201cA greve geral de 28 de abril foi a coisa mais importante que aconteceu no Brasil em muitos anos\u201d, frisou.<\/p>\n<p>Na opini\u00e3o de Ciro est\u00e1 na hora da popula\u00e7\u00e3o mostrar, nas ruas, todo o seu descontentamento com as medidas que Temer, \u201cchefe de quadrilha\u201d, est\u00e1 implementando com a ajuda de parlamentares direitistas,, maioria atual no Congresso, mas temem a opini\u00e3o das ruas.<\/p>\n<p>Tanto na Coppe quanto na UERJ, Ciro fez quest\u00e3o de ir fundo na quest\u00e3o econ\u00f4mica \u2013 explicando que os problemas do Brasil de hoje, na verdade, s\u00e3o estruturais por conta do modelo econ\u00f4mico que beneficia o rentismo em vez do trabalho, e n\u00e3o apenas conjunturais. \u201cPrecisamos punir e dissuadir o rentismo. Quando o juro \u00e9 mais alto que a rentabilidade dos neg\u00f3cios e do investimento, a economia para\u201d, disse Gomes.<\/p>\n<p>O convite de Temer para que tropas americanas participem de exerc\u00edcios militares na Amaz\u00f4nia, nas proximidades da fronteira da Venezuela, foi classificada como\u00a0\u201cabsolutamente canalha\u201d por Ciro pelo fato de contrariem \u201cuma pol\u00edtica de 300 anos do Brasil\u201d de respeito aos seus vizinhos de fronteiras. \u201cO Bar\u00e3o do Rio Branco deve estar se revirando no t\u00famulo\u201d, acrescentou.<\/p>\n<p>\u201cN\u00e3o h\u00e1 o menor sentido em fazer uma provoca\u00e7\u00e3o como esta. Isto interessa a quem? Ao Brasil \u00e9 que n\u00e3o \u00e9\u201d, frisou. Lembrando, tamb\u00e9m, a reativa\u00e7\u00e3o da frota do Atl\u00e2ntico Sul pelos EUA, t\u00e3o logo o Brasil anunciou ao mundo a descoberta do pr\u00e9-sal.<\/p>\n<p>O pr\u00e9-candidato do PDT \u00e0 presid\u00eancia n\u00e3o poupou o juiz S\u00e9rgio Moro por ter, de forma ilegal, exigido que Lula estivesse presente as audi\u00eancias das 87 testemunhas que arrolou em sua defesa. \u201cMoro poderia indeferir o pedido para convocar tantas testemunhas, mas jamais exigir a presen\u00e7a de Lula &#8211; porque isto \u00e9 absolutamente ilegal\u201d.<\/p>\n<p>Ele criticou, ainda, o promotor Deltan Dallagnol por tentar interferir no julgamento do habeas-corpus do ex-ministro Jos\u00e9 Dirceu, pelo Supremo. \u201cNeg\u00f3cio de maluco, Dallagnol quis emparedar o Supremo. Justi\u00e7a se faz severa e silenciosamente, em linha com a lei\u201d e n\u00e3o da forma como fez o procurador.<\/p>\n<p>Sobre o bom desempenho de Lula em pesquisas, Ciro atribuiu o sucesso ao fato de que \u201cparte importante da popula\u00e7\u00e3o acha que ele \u00e9 um perseguido pol\u00edtico, e ele \u00e9 mesmo; e o povo brasileiro odeia persegui\u00e7\u00e3o\u201d.<\/p>\n<p>Ciro classificou a reforma da previd\u00eancia proposta pelo governo Michel Temer como \u201csolu\u00e7\u00e3o tosca\u201d de combate ao desequil\u00edbrio das contas p\u00fablicas e chamou a reforma trabalhista de \u201ca fina flor da canalhice\u201d, por querer prevalecer o negociado sobre o legislado, al\u00e9m de transformar \u201ctrabalho em commodity\u201d.<\/p>\n<p>Ele ainda comparou a PEC 55, a que congela os gastos p\u00fablicos por 20 anos, \u00e0 uma\u00a0esp\u00e9cie de coleira de a\u00e7o colocada em um filhote de gato ou cachorro que, com o tempo, ir\u00e1 estrangular o filhote, j\u00e1 que ele jamais ir\u00e1 parar de crescer.<\/p>\n<p>\u201cEssa PEC 55 em tr\u00eas a quatro anos se revelar\u00e1 absolutamente impratic\u00e1vel. J\u00e1 a reforma trabalhista d\u00e1 para resolver num governo novo, forte, constitu\u00eddo em base populares. Revoga\u00acse f\u00e1cil, porque tem base infraconstitucional\u201d, defendeu, ressalvando que a reforma previdenci\u00e1ria, &#8220;batalha que estamos vencendo&#8221;, seria bem mais dif\u00edcil de ser revertida.<\/p>\n<!-- AddThis Advanced Settings generic via filter on the_content --><!-- AddThis Share Buttons generic via filter on the_content -->","protected":false},"excerpt":{"rendered":"<p>O pr\u00e9-candidato do PDT \u00e0 Presid\u00eancia da Rep\u00fablica, ex-ministro Ciro Gomes, reuniu-se nessa segunda-feira (8) com centenas de estudantes e professores na Universidade Estadual do Rio de Janeiro (UERJ) em palestras seguidas de debate nos audit\u00f3rios absolutamente lotados do Instituto Alberto Luiz Coimbra de P\u00f3s-Gradua\u00e7\u00e3o e Engenharia (Coppe), na ilha do Fund\u00e3o, pela manh\u00e3 ,\u00a0e&#8230;<!-- AddThis Advanced Settings generic via filter on wp_trim_excerpt --><!-- AddThis Share Buttons generic via filter on wp_trim_excerpt --><\/p>\n","protected":false},"author":17,"featured_media":53881,"comment_status":"closed","ping_status":"closed","sticky":false,"template":"","format":"standard","meta":{"_monsterinsights_skip_tracking":false,"_monsterinsights_sitenote_active":false,"_monsterinsights_sitenote_note":"","_monsterinsights_sitenote_category":0,"_uf_show_specific_survey":0,"_uf_disable_surveys":false,"footnotes":""},"categories":[1390,1401],"tags":[220,453,1780,1773],"class_list":["post-53880","post","type-post","status-publish","format-standard","has-post-thumbnail","hentry","category-editorias","category-nacional","tag-ciro-gomes","tag-greve-geral","tag-pec-55","tag-reforma-da-previdencia"],"acf":[],"_links":{"self":[{"href":"https:\/\/pdt-rj.org.br\/index.php\/wp-json\/wp\/v2\/posts\/53880","targetHints":{"allow":["GET"]}}],"collection":[{"href":"https:\/\/pdt-rj.org.br\/index.php\/wp-json\/wp\/v2\/posts"}],"about":[{"href":"https:\/\/pdt-rj.org.br\/index.php\/wp-json\/wp\/v2\/types\/post"}],"author":[{"embeddable":true,"href":"https:\/\/pdt-rj.org.br\/index.php\/wp-json\/wp\/v2\/users\/17"}],"replies":[{"embeddable":true,"href":"https:\/\/pdt-rj.org.br\/index.php\/wp-json\/wp\/v2\/comments?post=53880"}],"version-history":[{"count":10,"href":"https:\/\/pdt-rj.org.br\/index.php\/wp-json\/wp\/v2\/posts\/53880\/revisions"}],"predecessor-version":[{"id":53961,"href":"https:\/\/pdt-rj.org.br\/index.php\/wp-json\/wp\/v2\/posts\/53880\/revisions\/53961"}],"wp:featuredmedia":[{"embeddable":true,"href":"https:\/\/pdt-rj.org.br\/index.php\/wp-json\/wp\/v2\/media\/53881"}],"wp:attachment":[{"href":"https:\/\/pdt-rj.org.br\/index.php\/wp-json\/wp\/v2\/media?parent=53880"}],"wp:term":[{"taxonomy":"category","embeddable":true,"href":"https:\/\/pdt-rj.org.br\/index.php\/wp-json\/wp\/v2\/categories?post=53880"},{"taxonomy":"post_tag","embeddable":true,"href":"https:\/\/pdt-rj.org.br\/index.php\/wp-json\/wp\/v2\/tags?post=53880"}],"curies":[{"name":"wp","href":"https:\/\/api.w.org\/{rel}","templated":true}]}}