{"id":53864,"date":"2017-05-08T12:51:01","date_gmt":"2017-05-08T15:51:01","guid":{"rendered":"http:\/\/pdt-rj.org.br\/?p=53864"},"modified":"2017-05-16T21:01:54","modified_gmt":"2017-05-17T00:01:54","slug":"subtenente-gonzaga-e-convidados-discutirao-o-jogo-virtual-baleia-azul","status":"publish","type":"post","link":"https:\/\/pdt-rj.org.br\/index.php\/subtenente-gonzaga-e-convidados-discutirao-o-jogo-virtual-baleia-azul\/","title":{"rendered":"Subtenente Gonzaga e convidados discutir\u00e3o o jogo virtual \u201cBaleia Azul\u201d"},"content":{"rendered":"<p>A preven\u00e7\u00e3o de suic\u00eddios induzido ou estimulado pela Internet ser\u00e1 tema de audi\u00eancia p\u00fablica na C\u00e2mara. O debate, requerido pelo deputado federal Subtenente Gonzaga (PDT-MG), ser\u00e1 realizado de forma conjunta pelas comiss\u00f5es de Seguridade Social e Fam\u00edlia, de Legisla\u00e7\u00e3o Participativa, de Seguran\u00e7a P\u00fablica e Combate ao Crime Organizado e na Comiss\u00e3o de Ci\u00eancia e Tecnologia, Comunica\u00e7\u00e3o e Inform\u00e1tica.<\/p>\n<p>O que motivou a audi\u00eancia foram os casos divulgados pelos meios de comunica\u00e7\u00e3o em que o jogo virtual \u201cBlue Whale\u201d ou Baleia Azul \u2013 uma sequ\u00eancia de troca de mensagens em redes sociais entre pessoas autointituladas \u201ccuradores\u201d que induzem jovens por eles aliciados, em grupos fechados e comunidades virtuais, a seguir normas que podem leva-los at\u00e9 a morte.<\/p>\n<p>\u201cDe pr\u00e1tica muito recente no Brasil, o desafio ao qual s\u00e3o associados mais de cento e cinquenta suic\u00eddios em pa\u00edses estrangeiros no ano passado, parece j\u00e1 ter feito suas primeiras v\u00edtimas. As pol\u00edcias civis de Minas Gerais, Para\u00edba, Rio de Janeiro, Mato Grosso e Paran\u00e1 investigam a rela\u00e7\u00e3o entre alguns suic\u00eddios recentes de adolescentes e jovens adultos e o \u2018jogo\u2019 virtual de desafios\u201d, explicou o deputado Subtenente Gonzaga.<\/p>\n<p>Foram convidados a participar da audi\u00eancia a delegada especialista em Crimes Contra a Vida do estado de Minas Gerais, Gislaine de Oliveira Rios Xavier, o diretor-geral da Pol\u00edcia Federal, Leandro Daiello Coimbra Humberto, o presidente da Associa\u00e7\u00e3o Brasileira de Estudos e Preven\u00e7\u00e3o do Suic\u00eddio (Abeps), Humberto Corr\u00eaa; e um representante do Comit\u00ea Gestor Internet do Brasil.<\/p>\n<p>A data da realiza\u00e7\u00e3o da audi\u00eancia ainda ser\u00e1 divulgada.<\/p>\n<!-- AddThis Advanced Settings generic via filter on the_content --><!-- AddThis Share Buttons generic via filter on the_content -->","protected":false},"excerpt":{"rendered":"<p>A preven\u00e7\u00e3o de suic\u00eddios induzido ou estimulado pela Internet ser\u00e1 tema de audi\u00eancia p\u00fablica na C\u00e2mara. O debate, requerido pelo deputado federal Subtenente Gonzaga (PDT-MG), ser\u00e1 realizado de forma conjunta pelas comiss\u00f5es de Seguridade Social e Fam\u00edlia, de Legisla\u00e7\u00e3o Participativa, de Seguran\u00e7a P\u00fablica e Combate ao Crime Organizado e na Comiss\u00e3o de Ci\u00eancia e Tecnologia,&#8230;<!-- AddThis Advanced Settings generic via filter on wp_trim_excerpt --><!-- AddThis Share Buttons generic via filter on wp_trim_excerpt --><\/p>\n","protected":false},"author":17,"featured_media":53865,"comment_status":"closed","ping_status":"closed","sticky":false,"template":"","format":"standard","meta":{"_monsterinsights_skip_tracking":false,"_monsterinsights_sitenote_active":false,"_monsterinsights_sitenote_note":"","_monsterinsights_sitenote_category":0,"_uf_show_specific_survey":0,"_uf_disable_surveys":false,"footnotes":""},"categories":[1390],"tags":[2306,2309,2307,2308,895],"class_list":["post-53864","post","type-post","status-publish","format-standard","has-post-thumbnail","hentry","category-editorias","tag-blue-whale","tag-associacao-brasileira-de-estudos-e-prevencao-do-suicidio","tag-baleia-azul","tag-crimes-contra-a-vida","tag-subtenente-gonzaga"],"acf":[],"_links":{"self":[{"href":"https:\/\/pdt-rj.org.br\/index.php\/wp-json\/wp\/v2\/posts\/53864","targetHints":{"allow":["GET"]}}],"collection":[{"href":"https:\/\/pdt-rj.org.br\/index.php\/wp-json\/wp\/v2\/posts"}],"about":[{"href":"https:\/\/pdt-rj.org.br\/index.php\/wp-json\/wp\/v2\/types\/post"}],"author":[{"embeddable":true,"href":"https:\/\/pdt-rj.org.br\/index.php\/wp-json\/wp\/v2\/users\/17"}],"replies":[{"embeddable":true,"href":"https:\/\/pdt-rj.org.br\/index.php\/wp-json\/wp\/v2\/comments?post=53864"}],"version-history":[{"count":5,"href":"https:\/\/pdt-rj.org.br\/index.php\/wp-json\/wp\/v2\/posts\/53864\/revisions"}],"predecessor-version":[{"id":54034,"href":"https:\/\/pdt-rj.org.br\/index.php\/wp-json\/wp\/v2\/posts\/53864\/revisions\/54034"}],"wp:featuredmedia":[{"embeddable":true,"href":"https:\/\/pdt-rj.org.br\/index.php\/wp-json\/wp\/v2\/media\/53865"}],"wp:attachment":[{"href":"https:\/\/pdt-rj.org.br\/index.php\/wp-json\/wp\/v2\/media?parent=53864"}],"wp:term":[{"taxonomy":"category","embeddable":true,"href":"https:\/\/pdt-rj.org.br\/index.php\/wp-json\/wp\/v2\/categories?post=53864"},{"taxonomy":"post_tag","embeddable":true,"href":"https:\/\/pdt-rj.org.br\/index.php\/wp-json\/wp\/v2\/tags?post=53864"}],"curies":[{"name":"wp","href":"https:\/\/api.w.org\/{rel}","templated":true}]}}