{"id":53822,"date":"2017-05-04T10:58:36","date_gmt":"2017-05-04T13:58:36","guid":{"rendered":"http:\/\/pdt-rj.org.br\/?p=53822"},"modified":"2017-05-08T11:25:37","modified_gmt":"2017-05-08T14:25:37","slug":"manoel-dias-recebe-homenagem-dos-oficiais-de-justica-em-goias","status":"publish","type":"post","link":"https:\/\/pdt-rj.org.br\/index.php\/manoel-dias-recebe-homenagem-dos-oficiais-de-justica-em-goias\/","title":{"rendered":"Manoel Dias \u00e9 homenageado por oficiais de Justi\u00e7a em Goi\u00e1s"},"content":{"rendered":"<p>O presidente da Funda\u00e7\u00e3o Leonel Brizola \u2013 Alberto Pasqualini (FLB-AP) e secret\u00e1rio-geral do PDT, Manoel Dias, foi homenageado nessa quarta-feira (3), na Assembleia Legislativa de Goi\u00e1s, pelos oficiais de Justi\u00e7a do estado. A cerim\u00f4nia foi promovida pelo deputado estadual Karlos Cabral (PDT) com a presen\u00e7a de dezenas de lideran\u00e7as e militantes pedetistas da regi\u00e3o.<\/p>\n<p>Ao agradecer a homenagem, Dias, que foi ministro do Trabalho e Emprego, pontuou o grave momento do pa\u00eds, onde o povo \u00e9 diretamente atingido. \u201cAs reformas representam um retrocesso de mais de 80 anos. Um governo ileg\u00edtimo quer destruir o legado de Get\u00falio e retirar direitos hist\u00f3ricos que foram garantidos com muita luta\u201d, explicou.<\/p>\n<p>\u201cO mais grave \u00e9 prevalecer o acordado sobre o legislado. Assim, sem efetiva representa\u00e7\u00e3o sindical, o trabalhador ficar\u00e1 drasticamente desprotegido\u201d, completou, ao participar, na sequ\u00eancia, de um debate aberto sobre as reformas e a pol\u00edtica nacional.<\/p>\n<p>Sobre o novo momento da FLB-AP, o gestor mostrou a import\u00e2ncia do \u00f3rg\u00e3o auxiliar do PDT. \u201cA Funda\u00e7\u00e3o tem uma fun\u00e7\u00e3o fundamental na forma\u00e7\u00e3o pol\u00edtica e , com os n\u00facleos de base, dar\u00e1 uma contribui\u00e7\u00e3o essencial para que o partido saia fortalecido da elei\u00e7\u00e3o de 2018, com a pr\u00e9-candidatura de Ciro Gomes a presidente da Rep\u00fablica\u201d, afirmou.<\/p>\n<p>Karlos Cabral, que \u00e9 o novo vice-presidente da Funda\u00e7\u00e3o no estado, exaltou os servidores que atuam no Judici\u00e1rio e ratificou o compromisso e seriedade do l\u00edder pedetista com o povo. \u201cEssa categoria desempenha uma fun\u00e7\u00e3o expressiva e, h\u00e1 tempos, pleiteava o reconhecimento no minist\u00e9rio. Com o di\u00e1logo do ent\u00e3o ministro Manoel Dias, os servidores conquistaram esse direito\u201d, disse.<\/p>\n<p>O vereador de Goi\u00e2nia e presidente municipal do PDT, Paulinho Graus, ratificou a base hist\u00f3rica do partido. \u201cO PDT, que \u00e9 feito pela for\u00e7a dos trabalhadores, tem o Manoel Dias como um exemplo, pois tem as m\u00e3os limpas. Por isso, reafirmo: a educa\u00e7\u00e3o liberta e eu estou aprendendo cada vez mais com os nossos l\u00edderes\u201d, concluiu.<\/p>\n<p>O\u00a0presidente da Federa\u00e7\u00e3o Nacional dos Oficiais de Justi\u00e7a do Brasil (FENOJUS), Jo\u00e3o Batista, exaltou a gest\u00e3o aberta e democr\u00e1tica de Dias quando \u00e0 frente do minist\u00e9rio. \u201cEsse ato n\u00e3o \u00e9 s\u00f3 dos oficiais de justi\u00e7a, mas de toda a sociedade. A classe trabalhadora demorou muito para ser respeitada e os avan\u00e7os foram impulsionados pela sua passagem pelo minist\u00e9rio.<\/p>\n<p>Moizes Bento, presidente do Sindicato dos Oficiais de Justi\u00e7a de Goi\u00e1s (SINDOJUSGO), indicou que os trabalhadores precisam estar mobilizados para garantir as conquistas das gera\u00e7\u00f5es anteriores. \u201cFiquem atentos sobre as reais inten\u00e7\u00f5es desse movimento destruidor de direitos. Vamos seguir unidos\u201d, convocou, ao exaltar o legado de Dias.<\/p>\n<!-- AddThis Advanced Settings generic via filter on the_content --><!-- AddThis Share Buttons generic via filter on the_content -->","protected":false},"excerpt":{"rendered":"<p>O presidente da Funda\u00e7\u00e3o Leonel Brizola \u2013 Alberto Pasqualini (FLB-AP) e secret\u00e1rio-geral do PDT, Manoel Dias, foi homenageado nessa quarta-feira (3), na Assembleia Legislativa de Goi\u00e1s, pelos oficiais de Justi\u00e7a do estado. A cerim\u00f4nia foi promovida pelo deputado estadual Karlos Cabral (PDT) com a presen\u00e7a de dezenas de lideran\u00e7as e militantes pedetistas da regi\u00e3o. Ao&#8230;<!-- AddThis Advanced Settings generic via filter on wp_trim_excerpt --><!-- AddThis Share Buttons generic via filter on wp_trim_excerpt --><\/p>\n","protected":false},"author":17,"featured_media":53823,"comment_status":"closed","ping_status":"closed","sticky":false,"template":"","format":"standard","meta":{"_monsterinsights_skip_tracking":false,"_monsterinsights_sitenote_active":false,"_monsterinsights_sitenote_note":"","_monsterinsights_sitenote_category":0,"_uf_show_specific_survey":0,"_uf_disable_surveys":false,"footnotes":""},"categories":[1390],"tags":[2297,591,38],"class_list":["post-53822","post","type-post","status-publish","format-standard","has-post-thumbnail","hentry","category-editorias","tag-federacao-nacional-dos-oficiais-de-justica-do-brasil","tag-manoel-dias","tag-pdt"],"acf":[],"_links":{"self":[{"href":"https:\/\/pdt-rj.org.br\/index.php\/wp-json\/wp\/v2\/posts\/53822","targetHints":{"allow":["GET"]}}],"collection":[{"href":"https:\/\/pdt-rj.org.br\/index.php\/wp-json\/wp\/v2\/posts"}],"about":[{"href":"https:\/\/pdt-rj.org.br\/index.php\/wp-json\/wp\/v2\/types\/post"}],"author":[{"embeddable":true,"href":"https:\/\/pdt-rj.org.br\/index.php\/wp-json\/wp\/v2\/users\/17"}],"replies":[{"embeddable":true,"href":"https:\/\/pdt-rj.org.br\/index.php\/wp-json\/wp\/v2\/comments?post=53822"}],"version-history":[{"count":3,"href":"https:\/\/pdt-rj.org.br\/index.php\/wp-json\/wp\/v2\/posts\/53822\/revisions"}],"predecessor-version":[{"id":53860,"href":"https:\/\/pdt-rj.org.br\/index.php\/wp-json\/wp\/v2\/posts\/53822\/revisions\/53860"}],"wp:featuredmedia":[{"embeddable":true,"href":"https:\/\/pdt-rj.org.br\/index.php\/wp-json\/wp\/v2\/media\/53823"}],"wp:attachment":[{"href":"https:\/\/pdt-rj.org.br\/index.php\/wp-json\/wp\/v2\/media?parent=53822"}],"wp:term":[{"taxonomy":"category","embeddable":true,"href":"https:\/\/pdt-rj.org.br\/index.php\/wp-json\/wp\/v2\/categories?post=53822"},{"taxonomy":"post_tag","embeddable":true,"href":"https:\/\/pdt-rj.org.br\/index.php\/wp-json\/wp\/v2\/tags?post=53822"}],"curies":[{"name":"wp","href":"https:\/\/api.w.org\/{rel}","templated":true}]}}