{"id":53711,"date":"2017-04-27T18:54:09","date_gmt":"2017-04-27T21:54:09","guid":{"rendered":"http:\/\/pdt-rj.org.br\/?p=53711"},"modified":"2017-04-27T18:54:09","modified_gmt":"2017-04-27T21:54:10","slug":"em-encontro-de-prefeitos-jose-fortunati-alerta-para-o-impacto-da-instabilidade-politica-na-sustentabilidade","status":"publish","type":"post","link":"https:\/\/pdt-rj.org.br\/index.php\/em-encontro-de-prefeitos-jose-fortunati-alerta-para-o-impacto-da-instabilidade-politica-na-sustentabilidade\/","title":{"rendered":"Em encontro de prefeitos, Jos\u00e9 Fortunati alerta para o impacto da instabilidade pol\u00edtica na sustentabilidade"},"content":{"rendered":"<p>\u201cA sustentabilidade, atualmente, fica em segundo plano em fun\u00e7\u00e3o de outros temas, como as crises econ\u00f4mica e pol\u00edtica\u201d, afirmou o ex-prefeito pedetista de Porto Alegre (RS), Jos\u00e9 Fortunati, ao participar hoje (27) de mesa de debate sobre \u201cCidades Resilientes e as estrat\u00e9gias de adapta\u00e7\u00e3o \u00e0s mudan\u00e7as clim\u00e1ticas\u201d.<\/p>\n<p>A iniciativa faz parte da s\u00e9rie de atividades do IV Encontro dos Munic\u00edpios com o Desenvolvimento Sustent\u00e1vel (EMDS), que \u00e9 realizado pela Frente Nacional de Prefeitos (FNP) at\u00e9 amanh\u00e3 (28) no est\u00e1dio nacional Man\u00e9 Garrincha, em Bras\u00edlia, e conta com o apoio da Funda\u00e7\u00e3o Leonel Brizola \u2013 Alberto Pasqualini (FLB-AP).<\/p>\n<p>Para Fortunati, que foi presidente da FNP e assume, agora, a vice-presid\u00eancia institucional da entidade, a consci\u00eancia da popula\u00e7\u00e3o cresce perante as mudan\u00e7as e problemas de forma permanente. \u201d As pessoas necessitam compreender o significado de resili\u00eancia sem qualquer tipo de imposi\u00e7\u00e3o. O cidad\u00e3o precisa perceber sua import\u00e2ncia para a cidade em que vive\u201d, comentou.<\/p>\n<p>O evento, que tamb\u00e9m contou com a participa\u00e7\u00e3o de representantes do terceiro setor, do mercado e do governo, apontou que as principais preocupa\u00e7\u00f5es do desenvolvimento sustent\u00e1vel, no s\u00e9culo 21, devem incluir uma nova economia, por uma vis\u00e3o ampla, que contemple um novo padr\u00e3o de rela\u00e7\u00e3o social corporativo e novos indicadores do progresso humano.<\/p>\n<p>Ao falar do per\u00edodo \u00e0 frente da prefeitura de Porto Alegre, o pedetista destacou o processo de valoriza\u00e7\u00e3o do or\u00e7amento participativo e dos conselhos municipais. \u201cModelamos uma nova cultura e a popula\u00e7\u00e3o passou a discutir os rumos da cidade. N\u00e3o \u00e9 s\u00f3 repartir o or\u00e7amento, mas o conceito de sustentabilidade\u201d, analisou.<\/p>\n<p>Segundo ele, os investimentos em saneamento b\u00e1sico, com destaque para o caso da despolui\u00e7\u00e3o do rio Gua\u00edba, representam interven\u00e7\u00f5es de sucesso. \u201cCom o debate, a sociedade e os empres\u00e1rios compreenderam e passaram a defender. Assim, a cidade passou a olhar com carinho para a quest\u00e3o ambiental. Criou-se um sentido de cidadania muito forte\u201d, assegurou, ao visitar, na sequ\u00eancia, o stand da FLB-AP, que est\u00e1 localizado na \u2018Alameda das Funda\u00e7\u00f5es\u2019.<\/p>\n<p>Na discuss\u00e3o, os debatedores defenderam ainda que a qualidade de vida urbana nunca foi t\u00e3o importante para o futuro econ\u00f4mico de um pa\u00eds. Segundo eles, \u00e9 imprescind\u00edvel que os munic\u00edpios adotem medidas e estrat\u00e9gias para a mitiga\u00e7\u00e3o da mudan\u00e7a do clima, por meio da redu\u00e7\u00e3o de emiss\u00f5es de Gases de Efeito Estufa (GEE), e a identifica\u00e7\u00e3o de vulnerabilidades na cidade, estabelecendo, assim, medidas adequadas de adapta\u00e7\u00e3o e resili\u00eancia.<\/p>\n<!-- AddThis Advanced Settings generic via filter on the_content --><!-- AddThis Share Buttons generic via filter on the_content -->","protected":false},"excerpt":{"rendered":"<p>\u201cA sustentabilidade, atualmente, fica em segundo plano em fun\u00e7\u00e3o de outros temas, como as crises econ\u00f4mica e pol\u00edtica\u201d, afirmou o ex-prefeito pedetista de Porto Alegre (RS), Jos\u00e9 Fortunati, ao participar hoje (27) de mesa de debate sobre \u201cCidades Resilientes e as estrat\u00e9gias de adapta\u00e7\u00e3o \u00e0s mudan\u00e7as clim\u00e1ticas\u201d. A iniciativa faz parte da s\u00e9rie de atividades&#8230;<!-- AddThis Advanced Settings generic via filter on wp_trim_excerpt --><!-- AddThis Share Buttons generic via filter on wp_trim_excerpt --><\/p>\n","protected":false},"author":17,"featured_media":53712,"comment_status":"closed","ping_status":"closed","sticky":false,"template":"","format":"standard","meta":{"_monsterinsights_skip_tracking":false,"_monsterinsights_sitenote_active":false,"_monsterinsights_sitenote_note":"","_monsterinsights_sitenote_category":0,"_uf_show_specific_survey":0,"_uf_disable_surveys":false,"footnotes":""},"categories":[1390],"tags":[2270,408,2141,2140,426,2271,2272,2261,526,1439],"class_list":["post-53711","post","type-post","status-publish","format-standard","has-post-thumbnail","hentry","category-editorias","tag-emds","tag-flb-ap","tag-fnp","tag-frente-nacional-de-prefeitos","tag-fundacao-leonel-brizola-alberto-pasqualini","tag-gases-de-efeito-estufa","tag-gee","tag-iv-encontro-dos-municipios-com-o-desenvolvimento-sustentavel","tag-jose-fortunati","tag-porto-alegre-rs"],"acf":[],"_links":{"self":[{"href":"https:\/\/pdt-rj.org.br\/index.php\/wp-json\/wp\/v2\/posts\/53711","targetHints":{"allow":["GET"]}}],"collection":[{"href":"https:\/\/pdt-rj.org.br\/index.php\/wp-json\/wp\/v2\/posts"}],"about":[{"href":"https:\/\/pdt-rj.org.br\/index.php\/wp-json\/wp\/v2\/types\/post"}],"author":[{"embeddable":true,"href":"https:\/\/pdt-rj.org.br\/index.php\/wp-json\/wp\/v2\/users\/17"}],"replies":[{"embeddable":true,"href":"https:\/\/pdt-rj.org.br\/index.php\/wp-json\/wp\/v2\/comments?post=53711"}],"version-history":[{"count":1,"href":"https:\/\/pdt-rj.org.br\/index.php\/wp-json\/wp\/v2\/posts\/53711\/revisions"}],"predecessor-version":[{"id":53713,"href":"https:\/\/pdt-rj.org.br\/index.php\/wp-json\/wp\/v2\/posts\/53711\/revisions\/53713"}],"wp:featuredmedia":[{"embeddable":true,"href":"https:\/\/pdt-rj.org.br\/index.php\/wp-json\/wp\/v2\/media\/53712"}],"wp:attachment":[{"href":"https:\/\/pdt-rj.org.br\/index.php\/wp-json\/wp\/v2\/media?parent=53711"}],"wp:term":[{"taxonomy":"category","embeddable":true,"href":"https:\/\/pdt-rj.org.br\/index.php\/wp-json\/wp\/v2\/categories?post=53711"},{"taxonomy":"post_tag","embeddable":true,"href":"https:\/\/pdt-rj.org.br\/index.php\/wp-json\/wp\/v2\/tags?post=53711"}],"curies":[{"name":"wp","href":"https:\/\/api.w.org\/{rel}","templated":true}]}}