{"id":53707,"date":"2017-04-27T18:11:46","date_gmt":"2017-04-27T21:11:46","guid":{"rendered":"http:\/\/pdt-rj.org.br\/?p=53707"},"modified":"2017-04-28T10:34:53","modified_gmt":"2017-04-28T13:34:53","slug":"ciro-reafirma-compromisso-com-os-direitos-do-trabalhadores-em-cachoeiro-de-itapemirim-es","status":"publish","type":"post","link":"https:\/\/pdt-rj.org.br\/index.php\/ciro-reafirma-compromisso-com-os-direitos-do-trabalhadores-em-cachoeiro-de-itapemirim-es\/","title":{"rendered":"Ciro reafirma compromisso com os direitos dos trabalhadores em Cachoeiro de Itapemirim (ES)"},"content":{"rendered":"<p>Em visita ao munic\u00edpio de Cachoeiro de Itapemirim (ES), o vice-presidente nacional do PDT e pr\u00e9-candidato \u00e0 Presid\u00eancia da Rep\u00fablica, Ciro Gomes, reafirmou\u00a0ontem (26) os compromissos do PDT com a classe trabalhadora brasileira.\u00a0Acompanhado durante todo o dia pelo deputado estadual Rodrigo Coelho (PDT-ES), Ciro visitou a unidade do Instituto Federal do Esp\u00edrito Santo (Ifes) e, \u00e0 noite, ministrou a palestra \u201cA Conjuntura Econ\u00f4mica e Social do Brasil\u201d, com a presen\u00e7a de associados do Sistema de Cooperativas de Cr\u00e9dito do Brasil (Sicoob), que promoveu o evento.<\/p>\n<p>De acordo com Ciro, h\u00e1 sa\u00eddas para a crise institucional que o pa\u00eds atravessa que n\u00e3o incluem o desmonte dos direitos dos menos favorecidos.<\/p>\n<p>\u201cN\u00f3s precisamos qualificar os discursos e as informa\u00e7\u00f5es que s\u00e3o trabalhadas com o povo. Quando se fala em Reforma Previdenci\u00e1ria, virou uma moda falar em rombo da previd\u00eancia, mas a imprensa n\u00e3o esclarece que o rombo se deve \u00e0 Desvincula\u00e7\u00e3o de Receitas da Uni\u00e3o, que permite que o Governo Federal use 20% das receitas da Previd\u00eancia em outras \u00e1reas\u201d, argumentou Ciro, afastando a necessidade de uma reforma previdenci\u00e1ria nos moldes apresentados pelo projeto que tramita no legislativo nacional.<\/p>\n<p>De passagem pelo Ifes, onde respondeu \u00e0s perguntas de alunos e professores da institui\u00e7\u00e3o, Ciro falou tamb\u00e9m sobre a PEC 55, que congela os investimentos em sa\u00fade e educa\u00e7\u00e3o por 20 anos.<\/p>\n<p>\u201cVoc\u00ea v\u00ea um diretor de um instituto como esse, que teve quase um ter\u00e7o de seus investimentos cortados e ficar\u00e1 com esse valor mutilado congelado por 20 anos, enquanto a infla\u00e7\u00e3o e todos os outros indicativos sobem. Em algum momento, algo muito s\u00e9rio vai acontecer, porque a conta n\u00e3o fecha e esse tipo de medida n\u00e3o faz sentido\u201d, afirmou.<\/p>\n<p>Diante de 1200 associados do Sicoob e de diversos prefeitos e vereadores de munic\u00edpios do sul do Esp\u00edrito Santo e do norte do Rio de Janeiro, o presidenci\u00e1vel ressaltou a import\u00e2ncia de repensar o modelo de desenvolvimento econ\u00f4mico do pa\u00eds.<\/p>\n<p>\u201c\u00c9 muito importante estar aqui, nessa cidade de destaque do interior do pa\u00eds que \u00e9 Cachoeiro de Itapemirim. Quando se pensa nas causas da crise econ\u00f4mica e pol\u00edtica que o Brasil enfrenta hoje, \u00e9 preciso entender que as ra\u00edzes desse momento s\u00e3o fruto de um modelo de desenvolvimento insustent\u00e1vel baseado em commodities e juros elevados que precisa ser revisto\u201d, apontou o pedetista.<\/p>\n<p>Para o deputado estadual Rodrigo Coelho, a presen\u00e7a de Ciro Gomes na principal cidade do sul capixaba refor\u00e7a a qualidade das propostas do PDT junto \u00e0 popula\u00e7\u00e3o.<\/p>\n<p>\u201cCiro \u00e9 um orador diferenciado, com grande capacidade de s\u00edntese, de repassar o contexto hist\u00f3rico e fazer os apontamentos com solu\u00e7\u00f5es para o Brasil. \u00c9 honroso que tenha atendido ao nosso convite de vir a Cachoeiro e a sua passagem, com a qualidade das respostas que deu, mostra a coer\u00eancia do projeto que o PDT tem para o pa\u00eds\u201d, afirmou o deputado.<\/p>\n<!-- AddThis Advanced Settings generic via filter on the_content --><!-- AddThis Share Buttons generic via filter on the_content -->","protected":false},"excerpt":{"rendered":"<p>Em visita ao munic\u00edpio de Cachoeiro de Itapemirim (ES), o vice-presidente nacional do PDT e pr\u00e9-candidato \u00e0 Presid\u00eancia da Rep\u00fablica, Ciro Gomes, reafirmou\u00a0ontem (26) os compromissos do PDT com a classe trabalhadora brasileira.\u00a0Acompanhado durante todo o dia pelo deputado estadual Rodrigo Coelho (PDT-ES), Ciro visitou a unidade do Instituto Federal do Esp\u00edrito Santo (Ifes) e,&#8230;<!-- AddThis Advanced Settings generic via filter on wp_trim_excerpt --><!-- AddThis Share Buttons generic via filter on wp_trim_excerpt --><\/p>\n","protected":false},"author":17,"featured_media":53714,"comment_status":"closed","ping_status":"closed","sticky":false,"template":"","format":"standard","meta":{"_monsterinsights_skip_tracking":false,"_monsterinsights_sitenote_active":false,"_monsterinsights_sitenote_note":"","_monsterinsights_sitenote_category":0,"_uf_show_specific_survey":0,"_uf_disable_surveys":false,"footnotes":""},"categories":[1390,1402],"tags":[2268,220,2269,266,338,38,1773,1578,1448,857],"class_list":["post-53707","post","type-post","status-publish","format-standard","has-post-thumbnail","hentry","category-editorias","category-cidades","tag-cachoeiro-de-itapemirim-es","tag-ciro-gomes","tag-classe-trabalhadora-brasileira","tag-crise-economica","tag-educacao","tag-pdt","tag-reforma-da-previdencia","tag-reforma-trabalhista","tag-rodrigo-coelho","tag-saude"],"acf":[],"_links":{"self":[{"href":"https:\/\/pdt-rj.org.br\/index.php\/wp-json\/wp\/v2\/posts\/53707","targetHints":{"allow":["GET"]}}],"collection":[{"href":"https:\/\/pdt-rj.org.br\/index.php\/wp-json\/wp\/v2\/posts"}],"about":[{"href":"https:\/\/pdt-rj.org.br\/index.php\/wp-json\/wp\/v2\/types\/post"}],"author":[{"embeddable":true,"href":"https:\/\/pdt-rj.org.br\/index.php\/wp-json\/wp\/v2\/users\/17"}],"replies":[{"embeddable":true,"href":"https:\/\/pdt-rj.org.br\/index.php\/wp-json\/wp\/v2\/comments?post=53707"}],"version-history":[{"count":3,"href":"https:\/\/pdt-rj.org.br\/index.php\/wp-json\/wp\/v2\/posts\/53707\/revisions"}],"predecessor-version":[{"id":53715,"href":"https:\/\/pdt-rj.org.br\/index.php\/wp-json\/wp\/v2\/posts\/53707\/revisions\/53715"}],"wp:featuredmedia":[{"embeddable":true,"href":"https:\/\/pdt-rj.org.br\/index.php\/wp-json\/wp\/v2\/media\/53714"}],"wp:attachment":[{"href":"https:\/\/pdt-rj.org.br\/index.php\/wp-json\/wp\/v2\/media?parent=53707"}],"wp:term":[{"taxonomy":"category","embeddable":true,"href":"https:\/\/pdt-rj.org.br\/index.php\/wp-json\/wp\/v2\/categories?post=53707"},{"taxonomy":"post_tag","embeddable":true,"href":"https:\/\/pdt-rj.org.br\/index.php\/wp-json\/wp\/v2\/tags?post=53707"}],"curies":[{"name":"wp","href":"https:\/\/api.w.org\/{rel}","templated":true}]}}