{"id":53693,"date":"2017-04-27T18:33:06","date_gmt":"2017-04-27T21:33:06","guid":{"rendered":"http:\/\/pdt-rj.org.br\/?p=53693"},"modified":"2017-05-03T18:20:30","modified_gmt":"2017-05-03T21:20:30","slug":"executiva-nacional-expulsa-deputado-que-votou-a-favor-da-reforma-trabalhista","status":"publish","type":"post","link":"https:\/\/pdt-rj.org.br\/index.php\/executiva-nacional-expulsa-deputado-que-votou-a-favor-da-reforma-trabalhista\/","title":{"rendered":"Executiva nacional expulsa deputado que votou a favor da Reforma Trabalhista"},"content":{"rendered":"<p><em>Parlamentar n\u00e3o s\u00f3 tomou atitude contr\u00e1ria \u00e0\u00a0quest\u00e3o fechada pelo partido como virou as costas para o cerne do PDT, a defesa do trabalhador<\/em><\/p>\n<p>&nbsp;<\/p>\n<p style=\"text-align: center;\"><strong>Nota Oficial<\/strong><\/p>\n<p>Diante do resultado da vota\u00e7\u00e3o da reforma trabalhista ocorrida na noite de ontem, em Bras\u00edlia, a Executiva Nacional do PDT decide, ad referendum, pela EXPULS\u00c3O do parlamentar Carlos Eduardo Cadoca (PE).<\/p>\n<p>A medida vai ao encontro de decis\u00e3o tomada na \u00faltima Conven\u00e7\u00e3o Nacional do PDT, em 17 de mar\u00e7o, onde o Diret\u00f3rio Nacional fechou quest\u00e3o contr\u00e1ria \u00e0s reformas do atual governo que ataca e retira direitos dos trabalhadores brasileiros.<\/p>\n<p>O PDT tem suas ra\u00edzes hist\u00f3ricas e lutas sempre em favor do trabalhador brasileiro. No momento que um governo ileg\u00edtimo, imoral e sem qualquer apoio popular decide atacar diretamente as conquistas trabalhistas, o PDT tem a obriga\u00e7\u00e3o de ficar ao lado do trabalhador brasileiro.<\/p>\n<p>&nbsp;<\/p>\n<p style=\"text-align: center;\"><strong>Carlos Lupi<\/strong><\/p>\n<p style=\"text-align: center;\"><strong>Presidente Nacional do PDT<\/strong><\/p>\n<!-- AddThis Advanced Settings generic via filter on the_content --><!-- AddThis Share Buttons generic via filter on the_content -->","protected":false},"excerpt":{"rendered":"<p>Parlamentar n\u00e3o s\u00f3 tomou atitude contr\u00e1ria \u00e0\u00a0quest\u00e3o fechada pelo partido como virou as costas para o cerne do PDT, a defesa do trabalhador &nbsp; Nota Oficial Diante do resultado da vota\u00e7\u00e3o da reforma trabalhista ocorrida na noite de ontem, em Bras\u00edlia, a Executiva Nacional do PDT decide, ad referendum, pela EXPULS\u00c3O do parlamentar Carlos Eduardo&#8230;<!-- AddThis Advanced Settings generic via filter on wp_trim_excerpt --><!-- AddThis Share Buttons generic via filter on wp_trim_excerpt --><\/p>\n","protected":false},"author":17,"featured_media":53694,"comment_status":"closed","ping_status":"closed","sticky":false,"template":"","format":"standard","meta":{"_monsterinsights_skip_tracking":false,"_monsterinsights_sitenote_active":false,"_monsterinsights_sitenote_note":"","_monsterinsights_sitenote_category":0,"_uf_show_specific_survey":0,"_uf_disable_surveys":false,"footnotes":""},"categories":[1390,1459,1401],"tags":[2273,38,1578],"class_list":["post-53693","post","type-post","status-publish","format-standard","has-post-thumbnail","hentry","category-editorias","category-congresso","category-nacional","tag-defesa-do-trabalhador","tag-pdt","tag-reforma-trabalhista"],"acf":[],"_links":{"self":[{"href":"https:\/\/pdt-rj.org.br\/index.php\/wp-json\/wp\/v2\/posts\/53693","targetHints":{"allow":["GET"]}}],"collection":[{"href":"https:\/\/pdt-rj.org.br\/index.php\/wp-json\/wp\/v2\/posts"}],"about":[{"href":"https:\/\/pdt-rj.org.br\/index.php\/wp-json\/wp\/v2\/types\/post"}],"author":[{"embeddable":true,"href":"https:\/\/pdt-rj.org.br\/index.php\/wp-json\/wp\/v2\/users\/17"}],"replies":[{"embeddable":true,"href":"https:\/\/pdt-rj.org.br\/index.php\/wp-json\/wp\/v2\/comments?post=53693"}],"version-history":[{"count":13,"href":"https:\/\/pdt-rj.org.br\/index.php\/wp-json\/wp\/v2\/posts\/53693\/revisions"}],"predecessor-version":[{"id":53801,"href":"https:\/\/pdt-rj.org.br\/index.php\/wp-json\/wp\/v2\/posts\/53693\/revisions\/53801"}],"wp:featuredmedia":[{"embeddable":true,"href":"https:\/\/pdt-rj.org.br\/index.php\/wp-json\/wp\/v2\/media\/53694"}],"wp:attachment":[{"href":"https:\/\/pdt-rj.org.br\/index.php\/wp-json\/wp\/v2\/media?parent=53693"}],"wp:term":[{"taxonomy":"category","embeddable":true,"href":"https:\/\/pdt-rj.org.br\/index.php\/wp-json\/wp\/v2\/categories?post=53693"},{"taxonomy":"post_tag","embeddable":true,"href":"https:\/\/pdt-rj.org.br\/index.php\/wp-json\/wp\/v2\/tags?post=53693"}],"curies":[{"name":"wp","href":"https:\/\/api.w.org\/{rel}","templated":true}]}}