{"id":53678,"date":"2017-04-26T15:27:10","date_gmt":"2017-04-26T18:27:10","guid":{"rendered":"http:\/\/pdt-rj.org.br\/?p=53678"},"modified":"2017-04-28T15:40:55","modified_gmt":"2017-04-28T18:40:55","slug":"roberto-claudio-fala-sobre-desafios-da-saude-durante-encontro-de-prefeitos-em-brasilia","status":"publish","type":"post","link":"https:\/\/pdt-rj.org.br\/index.php\/roberto-claudio-fala-sobre-desafios-da-saude-durante-encontro-de-prefeitos-em-brasilia\/","title":{"rendered":"Roberto Cl\u00e1udio fala sobre desafios da sa\u00fade durante encontro de prefeitos em Bras\u00edlia"},"content":{"rendered":"<p id=\"yui_3_16_0_ym19_1_1493214065958_43706\" class=\"yiv9633032910MsoNormal\"><span id=\"yui_3_16_0_ym19_1_1493214065958_43705\"><span id=\"yui_3_16_0_ym19_1_1493214065958_43704\">O prefeito de Fortaleza, Roberto Claudio (PDT-CE), participou, na manh\u00e3 desta quarta-feira (26), em Bras\u00edlia, do IV Encontro dos Munic\u00edpios com o Desenvolvimento Sustent\u00e1vel, promovido pela Frente Nacional de Prefeitos (FNP), onde abordou a quest\u00e3o da sa\u00fade, principalmente com\u00a0rela\u00e7\u00e3o ao financiamento do setor. O painel teve a presen\u00e7a do ministro da Sa\u00fade, Ricardo Barros, do governador de S\u00e3o Paulo, Geraldo<\/span> Alckmin, e do prefeito de Campinas, Jonas Donizetti.<\/span><\/p>\n<p id=\"yui_3_16_0_ym19_1_1493214065958_43679\" class=\"yiv9633032910MsoNormal\"><span id=\"yui_3_16_0_ym19_1_1493214065958_43702\">Em sua exposi\u00e7\u00e3o, Roberto Cl\u00e1udio\u00a0destacou os desafios de tornar a sa\u00fade &#8220;um servi\u00e7o que atenda a real expectativa da popula\u00e7\u00e3o em cada um dos nossos<\/span> munic\u00edpios, visto que a sa\u00fade como servi\u00e7o p\u00fablico \u00e9 o mais demandado entre todos os servi\u00e7os p\u00fablicos, o que obriga aos munic\u00edpios brasileiros, hoje, a um investimento, em m\u00e9dia, de 24% dos seus recursos globais nesta \u00e1rea&#8221;, afirmou.<\/p>\n<p id=\"yui_3_16_0_ym19_1_1493214065958_43699\" class=\"yiv9633032910MsoNormal\"><span id=\"yui_3_16_0_ym19_1_1493214065958_43700\">O pedetista\u00a0tamb\u00e9m referiu-se ao fato de que &#8220;o aporte de tecnologia n\u00e3o significou ganho de produtividade na sa\u00fade, mas trouxe graves impactos com aumento de custeio&#8221;.<\/span> Outro aspecto abordado em sua fala foi a quest\u00e3o da judicializa\u00e7\u00e3o da sa\u00fade, onde decis\u00f5es judiciais determinam, hoje, um custo adicional de cerca de R$ 7 bilh\u00f5es\/ano, para al\u00e9m do financiamento compartilhado entre Uni\u00e3o, Estados e Munic\u00edpios, quando muitos casos n\u00e3o t\u00eam sequer base cient\u00edfica que justifique aquele gasto.<\/p>\n<p id=\"yui_3_16_0_ym19_1_1493214065958_43714\" class=\"yiv9633032910MsoNormal\"><span id=\"yui_3_16_0_ym19_1_1493214065958_43713\">&#8220;A despeito dos avan\u00e7os que experimentamos no sistema de sa\u00fade como, por exemplo, o aumento na cobertura do PSF de 18 para 62%, do aumento no n\u00famero de leitos, na amplia\u00e7\u00e3o da rede com 19 novos postos de sa\u00fade, aumento no n\u00famero de leitos hospitalares, redu\u00e7\u00e3o nas taxas de mortalidade infantil e materna, abertura de UPAs, como vemos em Fortaleza, ainda enfrentamos o desafio do subfinanciamento da sa\u00fade. Precisamos pensar em uma nova fonte de financiamento que seja repassado diretamente aos munic\u00edpios porque entendemos que a sobrecarga desse custeio penaliza de forma muito aguda as Finan\u00e7as dos nossos munic\u00edpios &#8220;, afirmou Roberto Claudio, que concluiu sua exposi\u00e7\u00e3o reconhecendo que um desafio dos gestores municipais \u00e9 garantir uma maior velocidade no atendimento das demandas da popula\u00e7\u00e3o na \u00e1rea da sa\u00fade.<\/span><\/p>\n<!-- AddThis Advanced Settings generic via filter on the_content --><!-- AddThis Share Buttons generic via filter on the_content -->","protected":false},"excerpt":{"rendered":"<p>O prefeito de Fortaleza, Roberto Claudio (PDT-CE), participou, na manh\u00e3 desta quarta-feira (26), em Bras\u00edlia, do IV Encontro dos Munic\u00edpios com o Desenvolvimento Sustent\u00e1vel, promovido pela Frente Nacional de Prefeitos (FNP), onde abordou a quest\u00e3o da sa\u00fade, principalmente com\u00a0rela\u00e7\u00e3o ao financiamento do setor. O painel teve a presen\u00e7a do ministro da Sa\u00fade, Ricardo Barros, do&#8230;<!-- AddThis Advanced Settings generic via filter on wp_trim_excerpt --><!-- AddThis Share Buttons generic via filter on wp_trim_excerpt --><\/p>\n","protected":false},"author":17,"featured_media":53723,"comment_status":"closed","ping_status":"closed","sticky":false,"template":"","format":"standard","meta":{"_monsterinsights_skip_tracking":false,"_monsterinsights_sitenote_active":false,"_monsterinsights_sitenote_note":"","_monsterinsights_sitenote_category":0,"_uf_show_specific_survey":0,"_uf_disable_surveys":false,"footnotes":""},"categories":[1390,1402],"tags":[2259,2260,2262,2141,1403,2140,2261,38,836,857,2258,1240],"class_list":["post-53678","post","type-post","status-publish","format-standard","has-post-thumbnail","hentry","category-editorias","category-cidades","tag-aporte-de-tecnologia","tag-desenvolvimento-sustentavel","tag-financiamento","tag-fnp","tag-fortaleza-ce","tag-frente-nacional-de-prefeitos","tag-iv-encontro-dos-municipios-com-o-desenvolvimento-sustentavel","tag-pdt","tag-roberto-claudio","tag-saude","tag-sistema-de-saude","tag-upas"],"acf":[],"_links":{"self":[{"href":"https:\/\/pdt-rj.org.br\/index.php\/wp-json\/wp\/v2\/posts\/53678","targetHints":{"allow":["GET"]}}],"collection":[{"href":"https:\/\/pdt-rj.org.br\/index.php\/wp-json\/wp\/v2\/posts"}],"about":[{"href":"https:\/\/pdt-rj.org.br\/index.php\/wp-json\/wp\/v2\/types\/post"}],"author":[{"embeddable":true,"href":"https:\/\/pdt-rj.org.br\/index.php\/wp-json\/wp\/v2\/users\/17"}],"replies":[{"embeddable":true,"href":"https:\/\/pdt-rj.org.br\/index.php\/wp-json\/wp\/v2\/comments?post=53678"}],"version-history":[{"count":1,"href":"https:\/\/pdt-rj.org.br\/index.php\/wp-json\/wp\/v2\/posts\/53678\/revisions"}],"predecessor-version":[{"id":53680,"href":"https:\/\/pdt-rj.org.br\/index.php\/wp-json\/wp\/v2\/posts\/53678\/revisions\/53680"}],"wp:featuredmedia":[{"embeddable":true,"href":"https:\/\/pdt-rj.org.br\/index.php\/wp-json\/wp\/v2\/media\/53723"}],"wp:attachment":[{"href":"https:\/\/pdt-rj.org.br\/index.php\/wp-json\/wp\/v2\/media?parent=53678"}],"wp:term":[{"taxonomy":"category","embeddable":true,"href":"https:\/\/pdt-rj.org.br\/index.php\/wp-json\/wp\/v2\/categories?post=53678"},{"taxonomy":"post_tag","embeddable":true,"href":"https:\/\/pdt-rj.org.br\/index.php\/wp-json\/wp\/v2\/tags?post=53678"}],"curies":[{"name":"wp","href":"https:\/\/api.w.org\/{rel}","templated":true}]}}