{"id":53671,"date":"2017-04-26T12:28:50","date_gmt":"2017-04-26T15:28:50","guid":{"rendered":"http:\/\/pdt-rj.org.br\/?p=53671"},"modified":"2017-04-26T12:31:23","modified_gmt":"2017-04-26T15:31:23","slug":"fundacao-e-pdt-diversidade-debatem-o-combate-ao-preconceito-no-mercado-de-trabalho","status":"publish","type":"post","link":"https:\/\/pdt-rj.org.br\/index.php\/fundacao-e-pdt-diversidade-debatem-o-combate-ao-preconceito-no-mercado-de-trabalho\/","title":{"rendered":"Funda\u00e7\u00e3o e PDT Diversidade promovem debate sobre o preconceito no mercado de trabalho"},"content":{"rendered":"<p>O programa \u201cPDT em Movimento\u201d promoveu na \u00faltima segunda-feira (24), na sede estadual do PDT no Rio de Janeiro, mais uma edi\u00e7\u00e3o da s\u00e9rie de debates sobre pautas priorit\u00e1rias. Realizado a partir da parceria entre a Funda\u00e7\u00e3o Leonel Brizola \u2013 Alberto Pasqualini (FLB-AP) e o PDT Diversidade, o evento permitiu um ampliado debate sobre o tema \u201cPopula\u00e7\u00e3o LGBT e o mercado de trabalho: enfrentamento ao preconceito na busca por direitos sociais\u201d.<\/p>\n<p>Com um di\u00e1logo aberto, os participantes abordaram a pauta trazendo elementos de suas realidades e apresentando um panorama atualizado das viol\u00eancias sofridas pela popula\u00e7\u00e3o LBGT no processo de inser\u00e7\u00e3o no mundo profissional brasileiro.<\/p>\n<p>O vice-presidente estadual da FLB-AP, Everton Gomes, destacou que o governo Temer atua severamente no ataque contra os direitos e garantias da sociedade. \u201cNeste sentido, \u00e9 fundamental que, mesmo com toda as agendas espec\u00edficas dos grupos LGBT, a uni\u00e3o entre todos os militantes seja fortalecida\u201d, afirmou, ao disponibilizar as ferramentas da Funda\u00e7\u00e3o para contribuir com a forma\u00e7\u00e3o de novos quadros.<\/p>\n<p>Mediadora do debate, a presidente estadual do PDT Diversidade, Fabiane Karine, foi enf\u00e1tica ao dizer que \u201co movimento tem o compromisso de lutar contra todas as formas de opress\u00e3o\u201d. \u201cNosso evento visou trazer para o debate p\u00fablico as condi\u00e7\u00f5es adversas sob as quais s\u00e3o submetidas a popula\u00e7\u00e3o LGBT. Com isso, \u00e9 poss\u00edvel permitir ao PDT escutar a sociedade civil e se fortalecendo como instrumento de real combate \u00e0s opress\u00f5es\u201d, finalizou.<\/p>\n<p>A representante do Grupo Transrevolu\u00e7\u00e3o, Maria Eduarda, falou da import\u00e2ncia dos parlamentares assumirem a contrata\u00e7\u00e3o de ativistas LGBT para que os mandatos tenham maior contato com o tema, e, com isso, promover interven\u00e7\u00f5es mais qualificadas. Ela ressaltou ainda que, na C\u00e2mara do Rio, existe legisla\u00e7\u00e3o de incentivo para contrata\u00e7\u00e3o de quadros LGBT, mas a burocracia impedete a sua efetiva\u00e7\u00e3o.<\/p>\n<p>A reuni\u00e3o contou ainda com as participa\u00e7\u00f5es de representantes de diversos grupos da sociedade civil organizada, incluindo Maria Eduarda, do Grupo Transrevolu\u00e7\u00e3o, Julio Moreira, da Micro Reinbow Internacional Empreendedorismo LGBT, Ros\u00e2ngela Castro, da Articula\u00e7\u00e3o Brasileira de L\u00e9sbicas, e Fernando Lobo, da Nutrab.<\/p>\n<p><i>Com informa\u00e7\u00f5es da Ascom da FLB-AP no Rio de Janeiro.<\/i><\/p>\n<!-- AddThis Advanced Settings generic via filter on the_content --><!-- AddThis Share Buttons generic via filter on the_content -->","protected":false},"excerpt":{"rendered":"<p>O programa \u201cPDT em Movimento\u201d promoveu na \u00faltima segunda-feira (24), na sede estadual do PDT no Rio de Janeiro, mais uma edi\u00e7\u00e3o da s\u00e9rie de debates sobre pautas priorit\u00e1rias. Realizado a partir da parceria entre a Funda\u00e7\u00e3o Leonel Brizola \u2013 Alberto Pasqualini (FLB-AP) e o PDT Diversidade, o evento permitiu um ampliado debate sobre o&#8230;<!-- AddThis Advanced Settings generic via filter on wp_trim_excerpt --><!-- AddThis Share Buttons generic via filter on wp_trim_excerpt --><\/p>\n","protected":false},"author":17,"featured_media":53672,"comment_status":"closed","ping_status":"closed","sticky":false,"template":"","format":"standard","meta":{"_monsterinsights_skip_tracking":false,"_monsterinsights_sitenote_active":false,"_monsterinsights_sitenote_note":"","_monsterinsights_sitenote_category":0,"_uf_show_specific_survey":0,"_uf_disable_surveys":false,"footnotes":""},"categories":[1390,1397,1912],"tags":[2256,56,59],"class_list":["post-53671","post","type-post","status-publish","format-standard","has-post-thumbnail","hentry","category-editorias","category-movimentos","category-diversidade","tag-articulacao-brasileira-de-lesbicas","tag-lgbt","tag-pdt-diversidade"],"acf":[],"_links":{"self":[{"href":"https:\/\/pdt-rj.org.br\/index.php\/wp-json\/wp\/v2\/posts\/53671","targetHints":{"allow":["GET"]}}],"collection":[{"href":"https:\/\/pdt-rj.org.br\/index.php\/wp-json\/wp\/v2\/posts"}],"about":[{"href":"https:\/\/pdt-rj.org.br\/index.php\/wp-json\/wp\/v2\/types\/post"}],"author":[{"embeddable":true,"href":"https:\/\/pdt-rj.org.br\/index.php\/wp-json\/wp\/v2\/users\/17"}],"replies":[{"embeddable":true,"href":"https:\/\/pdt-rj.org.br\/index.php\/wp-json\/wp\/v2\/comments?post=53671"}],"version-history":[{"count":3,"href":"https:\/\/pdt-rj.org.br\/index.php\/wp-json\/wp\/v2\/posts\/53671\/revisions"}],"predecessor-version":[{"id":53675,"href":"https:\/\/pdt-rj.org.br\/index.php\/wp-json\/wp\/v2\/posts\/53671\/revisions\/53675"}],"wp:featuredmedia":[{"embeddable":true,"href":"https:\/\/pdt-rj.org.br\/index.php\/wp-json\/wp\/v2\/media\/53672"}],"wp:attachment":[{"href":"https:\/\/pdt-rj.org.br\/index.php\/wp-json\/wp\/v2\/media?parent=53671"}],"wp:term":[{"taxonomy":"category","embeddable":true,"href":"https:\/\/pdt-rj.org.br\/index.php\/wp-json\/wp\/v2\/categories?post=53671"},{"taxonomy":"post_tag","embeddable":true,"href":"https:\/\/pdt-rj.org.br\/index.php\/wp-json\/wp\/v2\/tags?post=53671"}],"curies":[{"name":"wp","href":"https:\/\/api.w.org\/{rel}","templated":true}]}}