{"id":53630,"date":"2017-04-19T21:25:31","date_gmt":"2017-04-20T00:25:31","guid":{"rendered":"http:\/\/pdt-rj.org.br\/?p=53630"},"modified":"2017-04-20T21:29:34","modified_gmt":"2017-04-21T00:29:34","slug":"legado-de-mario-juruna-impulsiona-movimento-indigena-do-pdt","status":"publish","type":"post","link":"https:\/\/pdt-rj.org.br\/index.php\/legado-de-mario-juruna-impulsiona-movimento-indigena-do-pdt\/","title":{"rendered":"Legado de M\u00e1rio Juruna impulsiona Movimento Ind\u00edgena do PDT"},"content":{"rendered":"<p>\u201cS\u00f3 falta a gente voltar a gravar de novo as promessas do homem branco\u201d, ponderou Rafael Weree, presidente nacional do Movimento Ind\u00edgena do PDT (Movi-PDT), ao relembrar o uso do gravador pelo seu av\u00f4, M\u00e1rio Juruna, cacique Xavante que foi o primeiro e \u00fanico deputado federal ind\u00edgena do Brasil. Na entrevista para a Funda\u00e7\u00e3o Leonel Brizola \u2013 Alberto Pasqualini (FLP-AP), Weree fez um resgate do legado do l\u00edder pedetista, analisou as pol\u00edticas p\u00fablicas para os \u00edndios e criticou a instabilidade gerada pelo governo Temer na democracia nacional.<\/p>\n<p>O pa\u00eds re\u00fane, atualmente, cerca de 900 mil ind\u00edgenas, que est\u00e3o espalhados por todas as regi\u00f5es do pa\u00eds. Nesse cen\u00e1rio, o respons\u00e1vel por mobilizar a milit\u00e2ncia desse segmento apresenta um diagn\u00f3stico preocupante.<\/p>\n<p>\u201cDesde 1500, estamos na luta para manter a nossa popula\u00e7\u00e3o, tradi\u00e7\u00e3o e floresta. Hoje, n\u00f3s enfrentamos dificuldades ainda maiores, se comparado ao per\u00edodo do meu av\u00f4 (d\u00e9cada de 1980). Essa situa\u00e7\u00e3o \u00e9 ocasionada pela falta de lideran\u00e7a no meio pol\u00edtico para defender a nossa popula\u00e7\u00e3o e os nossos direitos\u201d, afirmou.<\/p>\n<p>Para reverter o panorama calamitoso, Weree indicou que o planejamento inclui levar ferramentas, como os cursos de forma\u00e7\u00e3o pol\u00edtica da Universidade aberta Leonel Brizola (ULB), diretamente para as aldeias. \u201cFormamos turmas em Mato Grosso e muitos j\u00e1 receberam at\u00e9 o diploma. Nossa popula\u00e7\u00e3o precisa saber quem s\u00e3o os nossos advers\u00e1rios nesse campo. Muitas vezes, por inoc\u00eancia e ass\u00e9dio dos pol\u00edticos locais, a gente acaba votando nesses pessoas que trabalham contra n\u00f3s\u201d, disse.<\/p>\n<p>\u201cNo passado, tivemos um l\u00edder pol\u00edtico que alcan\u00e7ou o cargo de deputado federal. Desta vez, n\u00f3s queremos aumentar o n\u00famero de figuras representativas. Esse caminho, iniciado l\u00e1 tr\u00e1s, est\u00e1 sendo constru\u00eddo e fortalecido com a participa\u00e7\u00e3o dos jovens ind\u00edgenas no partido, que conta, agora, com o MoviPDT. Assim, n\u00f3s poderemos gritar pelo nosso povo e pelos nossos direitos com gente preparada\u201d, assegurou, ao convidar a popula\u00e7\u00e3o para ingressar na sigla.<\/p>\n<p>&nbsp;<\/p>\n<p><iframe loading=\"lazy\" src=\"https:\/\/www.youtube.com\/embed\/fqcnww4P_Gg\" width=\"348\" height=\"348\" frameborder=\"0\" allowfullscreen=\"allowfullscreen\" data-mce-fragment=\"1\"><\/iframe><\/p>\n<p><strong>Juruna<\/strong><\/p>\n<p>Segundo Weree, Juruna fez hist\u00f3ria no Brasil a partir de uma candidatura fortalecida por Leonel Brizola. \u201cFoi uma grande sacada de l\u00edderes do Trabalhismo, como Brizola e Darcy Ribeiro, \u00a0que ajudaram o \u00a0meu av\u00f4 a entrar na pol\u00edtica. Ele j\u00e1 era cacique da terra ind\u00edgena S\u00e3o Marcos, onde liderava uma comunidade Xavante. Por tantos problemas enfrentados naquele tempo, eles encontraram tamb\u00e9m um grande homem, que lutava pelas causas sociais\u201d, exaltou.<\/p>\n<p>\u201cN\u00f3s estamos trabalhando na perspectiva de eleger, novamente, um novo parlamentar para o Congresso, mas, no primeiro momento, \u00e9 preciso oferecer forma\u00e7\u00e3o e conhecimento para o nosso povo. Assim, ser\u00e1 um diferencial para fortalecer a nossa luta e garantir um voto consciente\u201d, acrescentou.<\/p>\n<p><strong>Pol\u00edtica<\/strong><\/p>\n<p>\u201cNesse mundo, n\u00e3o precisamos radicalizar o ponto de vista, por\u00e9m existem pautas que devem ser discutidas, e n\u00e3o atropeladas, pois nossos direitos est\u00e3o garantidos na Constitui\u00e7\u00e3o\u201d, ressaltou Weree, ao ratificar a falta de respeito de parte da sociedade, da classe pol\u00edtica e at\u00e9 do Judici\u00e1rio.<\/p>\n<p>\u201cEu posso dizer, pela experi\u00eancia tamb\u00e9m, que, no povo brasileiro, muitas fam\u00edlias humildes valorizam a exist\u00eancia dos ind\u00edgenas como povo origin\u00e1rio. Por\u00e9m, existe uma classe, com at\u00e9 doutorado, n\u00e3o tem a humildade de reconhecer\u201d, lamentou.<\/p>\n<p><strong>Governo<\/strong><\/p>\n<p>Inconformado com o avan\u00e7o de pol\u00edticas p\u00fablicas danosas para o segmento, o presidente do MoviPDT criticou tamb\u00e9m a tentativa de retirada de direitos a partir de um paralelo com uma famosa declara\u00e7\u00e3o de um deputado federal. \u201cTiririca se enganou ao falar que pior do que est\u00e1, n\u00e3o fica. Para n\u00f3s, ind\u00edgenas, o que est\u00e1 ruim ficou pior. Se est\u00e3o querendo tirar direitos dos trabalhadores, do povo brasileiro, imagina para n\u00f3s, o que pode vir ainda\u201d, observou.<\/p>\n<p><strong>Reservas<\/strong><\/p>\n<p>Ao analisar a reiterada tentativa de representantes do agroneg\u00f3cio e da minera\u00e7\u00e3o de ocupar reservas ind\u00edgenas asseguradas, na sua grande maioria, pela legisla\u00e7\u00e3o brasileira, Weree aponta para a possibilidade real de elimina\u00e7\u00e3o de milhares de tribos e de destrui\u00e7\u00e3o do meio ambiente.<\/p>\n<p>\u201cEssa quest\u00e3o \u00e9 complexa, representa uma amea\u00e7a e n\u00e3o tem limite o crescente avan\u00e7o do agroneg\u00f3cio, respons\u00e1vel pelo intenso desmatamento. N\u00e3o \u00e9 s\u00f3 a nossa vida que est\u00e1 em jogo, mas os nossos recursos naturais tamb\u00e9m. Os venenos utilizados (pelas ind\u00fastrias) nos alimentos acabam chegando aos rios, onde n\u00f3s coletamos \u00e1gua e tomamos banho\u201d, concluiu.<\/p>\n<!-- AddThis Advanced Settings generic via filter on the_content --><!-- AddThis Share Buttons generic via filter on the_content -->","protected":false},"excerpt":{"rendered":"<p>\u201cS\u00f3 falta a gente voltar a gravar de novo as promessas do homem branco\u201d, ponderou Rafael Weree, presidente nacional do Movimento Ind\u00edgena do PDT (Movi-PDT), ao relembrar o uso do gravador pelo seu av\u00f4, M\u00e1rio Juruna, cacique Xavante que foi o primeiro e \u00fanico deputado federal ind\u00edgena do Brasil. Na entrevista para a Funda\u00e7\u00e3o Leonel&#8230;<!-- AddThis Advanced Settings generic via filter on wp_trim_excerpt --><!-- AddThis Share Buttons generic via filter on wp_trim_excerpt --><\/p>\n","protected":false},"author":17,"featured_media":53631,"comment_status":"closed","ping_status":"closed","sticky":false,"template":"","format":"standard","meta":{"_monsterinsights_skip_tracking":false,"_monsterinsights_sitenote_active":false,"_monsterinsights_sitenote_note":"","_monsterinsights_sitenote_category":0,"_uf_show_specific_survey":0,"_uf_disable_surveys":false,"footnotes":""},"categories":[976],"tags":[277,409,426,1533,2149,2147],"class_list":["post-53630","post","type-post","status-publish","format-standard","has-post-thumbnail","hentry","category-noticias-em-destaque","tag-darcy-ribeiro","tag-flp-ap","tag-fundacao-leonel-brizola-alberto-pasqualini","tag-mario-juruna","tag-movimento-indigena-do-pdt","tag-rafael-weree"],"acf":[],"_links":{"self":[{"href":"https:\/\/pdt-rj.org.br\/index.php\/wp-json\/wp\/v2\/posts\/53630","targetHints":{"allow":["GET"]}}],"collection":[{"href":"https:\/\/pdt-rj.org.br\/index.php\/wp-json\/wp\/v2\/posts"}],"about":[{"href":"https:\/\/pdt-rj.org.br\/index.php\/wp-json\/wp\/v2\/types\/post"}],"author":[{"embeddable":true,"href":"https:\/\/pdt-rj.org.br\/index.php\/wp-json\/wp\/v2\/users\/17"}],"replies":[{"embeddable":true,"href":"https:\/\/pdt-rj.org.br\/index.php\/wp-json\/wp\/v2\/comments?post=53630"}],"version-history":[{"count":1,"href":"https:\/\/pdt-rj.org.br\/index.php\/wp-json\/wp\/v2\/posts\/53630\/revisions"}],"predecessor-version":[{"id":53632,"href":"https:\/\/pdt-rj.org.br\/index.php\/wp-json\/wp\/v2\/posts\/53630\/revisions\/53632"}],"wp:featuredmedia":[{"embeddable":true,"href":"https:\/\/pdt-rj.org.br\/index.php\/wp-json\/wp\/v2\/media\/53631"}],"wp:attachment":[{"href":"https:\/\/pdt-rj.org.br\/index.php\/wp-json\/wp\/v2\/media?parent=53630"}],"wp:term":[{"taxonomy":"category","embeddable":true,"href":"https:\/\/pdt-rj.org.br\/index.php\/wp-json\/wp\/v2\/categories?post=53630"},{"taxonomy":"post_tag","embeddable":true,"href":"https:\/\/pdt-rj.org.br\/index.php\/wp-json\/wp\/v2\/tags?post=53630"}],"curies":[{"name":"wp","href":"https:\/\/api.w.org\/{rel}","templated":true}]}}