{"id":53627,"date":"2017-04-20T20:23:53","date_gmt":"2017-04-20T23:23:53","guid":{"rendered":"http:\/\/pdt-rj.org.br\/?p=53627"},"modified":"2017-04-20T20:23:53","modified_gmt":"2017-04-20T23:23:53","slug":"comissao-do-trabalho-aprova-regularizacao-de-recebimento-do-seguro-desemprego","status":"publish","type":"post","link":"https:\/\/pdt-rj.org.br\/index.php\/comissao-do-trabalho-aprova-regularizacao-de-recebimento-do-seguro-desemprego\/","title":{"rendered":"Comiss\u00e3o do Trabalho aprova regulariza\u00e7\u00e3o de recebimento do seguro-desemprego"},"content":{"rendered":"<p>A Comiss\u00e3o de Trabalho, de Administra\u00e7\u00e3o e Servi\u00e7o P\u00fablico aprovou, nessa quarta-feira (19), o substitutivo da deputada Fl\u00e1via Morais (PDT-GO), ao Projeto de Lei 2750\/15, que regulariza o recebimento do seguro-desemprego entre 28 de fevereiro e 16 de junho de 2015. Esse per\u00edodo compreende o da vig\u00eancia da Medida Provis\u00f3ria (MP) 665\/14, antes de ser transformada na Lei 13.134\/15, com regras mais brandas.<\/p>\n<p>O objetivo do texto original, de autoria do deputado Andr\u00e9 Figueiredo (PDT-CE), \u00e9 aplicar as regras definitivas da lei para aqueles que pediram o benef\u00edcio antes de sua publica\u00e7\u00e3o, seja para fins de obten\u00e7\u00e3o, majora\u00e7\u00e3o ou amplia\u00e7\u00e3o do n\u00famero de parcelas.<\/p>\n<p>O substitutivo de Fl\u00e1via Morais estende aos trabalhadores rurais e urbanos as mesmas vantagens concedidas aos pescadores profissionais categoria artesanal, concedidos pela legisla\u00e7\u00e3o atual, que obtiveram o direito de receber o seguro-desemprego no per\u00edodo de defeso, compreendido entre 1\u00ba de abril e 31 de agosto de 2015.<\/p>\n<p>A proposta, por tramitar em regime de\u00a0urg\u00eancia, pode ser votada em Plen\u00e1rio diretamente. Ainda falta o parecer sobre a mat\u00e9ria nas Comiss\u00f5es de Finan\u00e7as e Tributa\u00e7\u00e3o.<\/p>\n<p>&nbsp;<\/p>\n<!-- AddThis Advanced Settings generic via filter on the_content --><!-- AddThis Share Buttons generic via filter on the_content -->","protected":false},"excerpt":{"rendered":"<p>A Comiss\u00e3o de Trabalho, de Administra\u00e7\u00e3o e Servi\u00e7o P\u00fablico aprovou, nessa quarta-feira (19), o substitutivo da deputada Fl\u00e1via Morais (PDT-GO), ao Projeto de Lei 2750\/15, que regulariza o recebimento do seguro-desemprego entre 28 de fevereiro e 16 de junho de 2015. Esse per\u00edodo compreende o da vig\u00eancia da Medida Provis\u00f3ria (MP) 665\/14, antes de ser&#8230;<!-- AddThis Advanced Settings generic via filter on wp_trim_excerpt --><!-- AddThis Share Buttons generic via filter on wp_trim_excerpt --><\/p>\n","protected":false},"author":17,"featured_media":53628,"comment_status":"closed","ping_status":"closed","sticky":false,"template":"","format":"standard","meta":{"_monsterinsights_skip_tracking":false,"_monsterinsights_sitenote_active":false,"_monsterinsights_sitenote_note":"","_monsterinsights_sitenote_category":0,"_uf_show_specific_survey":0,"_uf_disable_surveys":false,"footnotes":""},"categories":[1390],"tags":[34,406,38,2244,1487],"class_list":["post-53627","post","type-post","status-publish","format-standard","has-post-thumbnail","hentry","category-editorias","tag-andre-figueiredo","tag-flavia-morais","tag-pdt","tag-regras-definitivas","tag-seguro-desemprego"],"acf":[],"_links":{"self":[{"href":"https:\/\/pdt-rj.org.br\/index.php\/wp-json\/wp\/v2\/posts\/53627","targetHints":{"allow":["GET"]}}],"collection":[{"href":"https:\/\/pdt-rj.org.br\/index.php\/wp-json\/wp\/v2\/posts"}],"about":[{"href":"https:\/\/pdt-rj.org.br\/index.php\/wp-json\/wp\/v2\/types\/post"}],"author":[{"embeddable":true,"href":"https:\/\/pdt-rj.org.br\/index.php\/wp-json\/wp\/v2\/users\/17"}],"replies":[{"embeddable":true,"href":"https:\/\/pdt-rj.org.br\/index.php\/wp-json\/wp\/v2\/comments?post=53627"}],"version-history":[{"count":1,"href":"https:\/\/pdt-rj.org.br\/index.php\/wp-json\/wp\/v2\/posts\/53627\/revisions"}],"predecessor-version":[{"id":53629,"href":"https:\/\/pdt-rj.org.br\/index.php\/wp-json\/wp\/v2\/posts\/53627\/revisions\/53629"}],"wp:featuredmedia":[{"embeddable":true,"href":"https:\/\/pdt-rj.org.br\/index.php\/wp-json\/wp\/v2\/media\/53628"}],"wp:attachment":[{"href":"https:\/\/pdt-rj.org.br\/index.php\/wp-json\/wp\/v2\/media?parent=53627"}],"wp:term":[{"taxonomy":"category","embeddable":true,"href":"https:\/\/pdt-rj.org.br\/index.php\/wp-json\/wp\/v2\/categories?post=53627"},{"taxonomy":"post_tag","embeddable":true,"href":"https:\/\/pdt-rj.org.br\/index.php\/wp-json\/wp\/v2\/tags?post=53627"}],"curies":[{"name":"wp","href":"https:\/\/api.w.org\/{rel}","templated":true}]}}