{"id":53624,"date":"2017-04-20T17:55:57","date_gmt":"2017-04-20T20:55:57","guid":{"rendered":"http:\/\/pdt-rj.org.br\/?p=53624"},"modified":"2017-04-20T17:55:57","modified_gmt":"2017-04-20T20:55:57","slug":"flb-ap-adia-seminario-nacional-de-prefeitos-prefeitas-e-vices-do-pdt","status":"publish","type":"post","link":"https:\/\/pdt-rj.org.br\/index.php\/flb-ap-adia-seminario-nacional-de-prefeitos-prefeitas-e-vices-do-pdt\/","title":{"rendered":"FLB-AP adia Semin\u00e1rio Nacional de Prefeitos, Prefeitas e Vices do PDT"},"content":{"rendered":"<p>A Funda\u00e7\u00e3o Leonel Brizola \u2013 Alberto Pasqualini (FLB-AP) adiou o Semin\u00e1rio Nacional de Prefeitos, Prefeitas e Vices do PDT, que seria realizado no dia 24 de abril, no est\u00e1dio Man\u00e9 Garrincha, em Bras\u00edlia, a partir da parceria com o partido e a Frente Nacional de Prefeitos (FNP). A altera\u00e7\u00e3o foi motivada pela incompatibilidade da agenda do pr\u00e9-candidato a presidente da Rep\u00fablica, Ciro Gomes, que est\u00e1 na Europa para uma s\u00e9rie de palestras em institui\u00e7\u00f5es de ensino.<\/p>\n<p>Apesar do cancelamento do evento pedetista, a FLB-AP manter\u00e1 sua participa\u00e7\u00e3o no Encontro dos Munic\u00edpios com o Desenvolvimento Sustent\u00e1vel (EMDS), que seria realizado de forma integrada, a partir de um stand localizado na \u2018Alameda das Funda\u00e7\u00f5es\u2019.<\/p>\n<p>Os prefeitos, dirigentes e militantes do partido poder\u00e3o conhecer os projetos desenvolvidos nacionalmente pela Funda\u00e7\u00e3o, com destaque para a formula\u00e7\u00e3o de n\u00facleos de base e para as videoaulas da Universidade aberta Leonel Brizola (ULB) sobre forma\u00e7\u00e3o pol\u00edtica e preparat\u00f3rias para o ENEM.<\/p>\n<p><strong>Acesso<\/strong><\/p>\n<p>Para participar do EMDS, que ocorrer\u00e1 de 24 a 28 de abril,\u00a0no mesmo est\u00e1dio, e receber\u00e1 mais de 7 mil pessoas, acesse o site (www.emds.fnp.org.br) e fa\u00e7a sua inscri\u00e7\u00e3o gratuitamente. No endere\u00e7o eletr\u00f4nico tamb\u00e9m est\u00e3o dispon\u00edveis a programa\u00e7\u00e3o e as principais not\u00edcias sobre a organiza\u00e7\u00e3o.<\/p>\n<!-- AddThis Advanced Settings generic via filter on the_content --><!-- AddThis Share Buttons generic via filter on the_content -->","protected":false},"excerpt":{"rendered":"<p>A Funda\u00e7\u00e3o Leonel Brizola \u2013 Alberto Pasqualini (FLB-AP) adiou o Semin\u00e1rio Nacional de Prefeitos, Prefeitas e Vices do PDT, que seria realizado no dia 24 de abril, no est\u00e1dio Man\u00e9 Garrincha, em Bras\u00edlia, a partir da parceria com o partido e a Frente Nacional de Prefeitos (FNP). A altera\u00e7\u00e3o foi motivada pela incompatibilidade da agenda&#8230;<!-- AddThis Advanced Settings generic via filter on wp_trim_excerpt --><!-- AddThis Share Buttons generic via filter on wp_trim_excerpt --><\/p>\n","protected":false},"author":17,"featured_media":53625,"comment_status":"closed","ping_status":"closed","sticky":false,"template":"","format":"standard","meta":{"_monsterinsights_skip_tracking":false,"_monsterinsights_sitenote_active":false,"_monsterinsights_sitenote_note":"","_monsterinsights_sitenote_category":0,"_uf_show_specific_survey":0,"_uf_disable_surveys":false,"footnotes":""},"categories":[1390,1401],"tags":[408,2141,2140,426,2243,931,1598],"class_list":["post-53624","post","type-post","status-publish","format-standard","has-post-thumbnail","hentry","category-editorias","category-nacional","tag-flb-ap","tag-fnp","tag-frente-nacional-de-prefeitos","tag-fundacao-leonel-brizola-alberto-pasqualini","tag-seminario-nacional-de-prefeitos-prefeitas-e-vices-do-pdt","tag-ulb","tag-universidade-aberta-leonel-brizola"],"acf":[],"_links":{"self":[{"href":"https:\/\/pdt-rj.org.br\/index.php\/wp-json\/wp\/v2\/posts\/53624","targetHints":{"allow":["GET"]}}],"collection":[{"href":"https:\/\/pdt-rj.org.br\/index.php\/wp-json\/wp\/v2\/posts"}],"about":[{"href":"https:\/\/pdt-rj.org.br\/index.php\/wp-json\/wp\/v2\/types\/post"}],"author":[{"embeddable":true,"href":"https:\/\/pdt-rj.org.br\/index.php\/wp-json\/wp\/v2\/users\/17"}],"replies":[{"embeddable":true,"href":"https:\/\/pdt-rj.org.br\/index.php\/wp-json\/wp\/v2\/comments?post=53624"}],"version-history":[{"count":1,"href":"https:\/\/pdt-rj.org.br\/index.php\/wp-json\/wp\/v2\/posts\/53624\/revisions"}],"predecessor-version":[{"id":53626,"href":"https:\/\/pdt-rj.org.br\/index.php\/wp-json\/wp\/v2\/posts\/53624\/revisions\/53626"}],"wp:featuredmedia":[{"embeddable":true,"href":"https:\/\/pdt-rj.org.br\/index.php\/wp-json\/wp\/v2\/media\/53625"}],"wp:attachment":[{"href":"https:\/\/pdt-rj.org.br\/index.php\/wp-json\/wp\/v2\/media?parent=53624"}],"wp:term":[{"taxonomy":"category","embeddable":true,"href":"https:\/\/pdt-rj.org.br\/index.php\/wp-json\/wp\/v2\/categories?post=53624"},{"taxonomy":"post_tag","embeddable":true,"href":"https:\/\/pdt-rj.org.br\/index.php\/wp-json\/wp\/v2\/tags?post=53624"}],"curies":[{"name":"wp","href":"https:\/\/api.w.org\/{rel}","templated":true}]}}