{"id":53618,"date":"2017-04-20T16:05:41","date_gmt":"2017-04-20T19:05:41","guid":{"rendered":"http:\/\/pdt-rj.org.br\/?p=53618"},"modified":"2017-04-20T17:37:13","modified_gmt":"2017-04-20T20:37:13","slug":"pdt-aprova-mais-de-170-mocoes-de-repudio-a-reforma-da-previdencia-em-todo-o-pais","status":"publish","type":"post","link":"https:\/\/pdt-rj.org.br\/index.php\/pdt-aprova-mais-de-170-mocoes-de-repudio-a-reforma-da-previdencia-em-todo-o-pais\/","title":{"rendered":"PDT aprova 173 mo\u00e7\u00f5es de rep\u00fadio \u00e0 Reforma da Previd\u00eancia em todo o Pa\u00eds"},"content":{"rendered":"<p>C\u00e2maras municipais de todas as regi\u00f5es do pa\u00eds aprovaram, por iniciativa da Frente Nacional de Vereadores do PDT, 173 mo\u00e7\u00f5es de rep\u00fadio \u00e0 reforma da Previd\u00eancia formulada pelo governo Temer. A iniciativa busca impedir a aprova\u00e7\u00e3o da Proposta de Emenda \u00e0 Constitui\u00e7\u00e3o (PEC 287\/2016) que prev\u00ea o endurecimento do acesso ao benef\u00edcio para a grande maioria da popula\u00e7\u00e3o, mas garante a manuten\u00e7\u00e3o dos privil\u00e9gios para determinadas categorias.<\/p>\n<p>Com a tramita\u00e7\u00e3o avan\u00e7ando no Congresso Nacional, a s\u00e9rie de protestos foi intensificada na capital federal e nos estados. Nos parlamentos, os vereadores do PDT alertam que a PEC representa um enorme retrocesso para uma na\u00e7\u00e3o com profundas desigualdades e diferen\u00e7as. Sob o pretexto da sustentabilidade, a medida aprofundar\u00e1, segundo os pedetistas, a crise econ\u00f4mica e social que impacta milh\u00f5es de brasileiros.<\/p>\n<p>\u201cEm contraposi\u00e7\u00e3o ao falso dilema do d\u00e9ficit da previd\u00eancia, consideramos que existem outras formas de enfrent\u00e1-lo, que n\u00e3o a retirada de direitos conquistados com sacrif\u00edcio pelo povo brasileiro, ao longo das d\u00e9cadas\u201d, aponta o documento.<\/p>\n<p>Os vereadores listam ainda alternativas para recompor as contas p\u00fablicas, com destaque para o combate \u00e0 sonega\u00e7\u00e3o e \u00e0 corrup\u00e7\u00e3o, que \u00e9 uma forma de garantir o aumento da receita l\u00edquida; fim do desvio de recursos arrecadados pelo sistema de seguridade social, bem como a necess\u00e1ria limita\u00e7\u00e3o de repasses para o pagamento dos encargos da d\u00edvida p\u00fablica.<\/p>\n<!-- AddThis Advanced Settings generic via filter on the_content --><!-- AddThis Share Buttons generic via filter on the_content -->","protected":false},"excerpt":{"rendered":"<p>C\u00e2maras municipais de todas as regi\u00f5es do pa\u00eds aprovaram, por iniciativa da Frente Nacional de Vereadores do PDT, 173 mo\u00e7\u00f5es de rep\u00fadio \u00e0 reforma da Previd\u00eancia formulada pelo governo Temer. A iniciativa busca impedir a aprova\u00e7\u00e3o da Proposta de Emenda \u00e0 Constitui\u00e7\u00e3o (PEC 287\/2016) que prev\u00ea o endurecimento do acesso ao benef\u00edcio para a grande&#8230;<!-- AddThis Advanced Settings generic via filter on wp_trim_excerpt --><!-- AddThis Share Buttons generic via filter on wp_trim_excerpt --><\/p>\n","protected":false},"author":17,"featured_media":53621,"comment_status":"closed","ping_status":"closed","sticky":false,"template":"","format":"standard","meta":{"_monsterinsights_skip_tracking":false,"_monsterinsights_sitenote_active":false,"_monsterinsights_sitenote_note":"","_monsterinsights_sitenote_category":0,"_uf_show_specific_survey":0,"_uf_disable_surveys":false,"footnotes":""},"categories":[976],"tags":[2242,2241,38,1773],"class_list":["post-53618","post","type-post","status-publish","format-standard","has-post-thumbnail","hentry","category-noticias-em-destaque","tag-frente-nacional-de-vereadores-do-pdt","tag-mocoes-de-repudio","tag-pdt","tag-reforma-da-previdencia"],"acf":[],"_links":{"self":[{"href":"https:\/\/pdt-rj.org.br\/index.php\/wp-json\/wp\/v2\/posts\/53618","targetHints":{"allow":["GET"]}}],"collection":[{"href":"https:\/\/pdt-rj.org.br\/index.php\/wp-json\/wp\/v2\/posts"}],"about":[{"href":"https:\/\/pdt-rj.org.br\/index.php\/wp-json\/wp\/v2\/types\/post"}],"author":[{"embeddable":true,"href":"https:\/\/pdt-rj.org.br\/index.php\/wp-json\/wp\/v2\/users\/17"}],"replies":[{"embeddable":true,"href":"https:\/\/pdt-rj.org.br\/index.php\/wp-json\/wp\/v2\/comments?post=53618"}],"version-history":[{"count":4,"href":"https:\/\/pdt-rj.org.br\/index.php\/wp-json\/wp\/v2\/posts\/53618\/revisions"}],"predecessor-version":[{"id":53623,"href":"https:\/\/pdt-rj.org.br\/index.php\/wp-json\/wp\/v2\/posts\/53618\/revisions\/53623"}],"wp:featuredmedia":[{"embeddable":true,"href":"https:\/\/pdt-rj.org.br\/index.php\/wp-json\/wp\/v2\/media\/53621"}],"wp:attachment":[{"href":"https:\/\/pdt-rj.org.br\/index.php\/wp-json\/wp\/v2\/media?parent=53618"}],"wp:term":[{"taxonomy":"category","embeddable":true,"href":"https:\/\/pdt-rj.org.br\/index.php\/wp-json\/wp\/v2\/categories?post=53618"},{"taxonomy":"post_tag","embeddable":true,"href":"https:\/\/pdt-rj.org.br\/index.php\/wp-json\/wp\/v2\/tags?post=53618"}],"curies":[{"name":"wp","href":"https:\/\/api.w.org\/{rel}","templated":true}]}}