{"id":53612,"date":"2017-04-20T12:37:43","date_gmt":"2017-04-20T15:37:43","guid":{"rendered":"http:\/\/pdt-rj.org.br\/?p=53612"},"modified":"2017-04-20T12:42:24","modified_gmt":"2017-04-20T15:42:24","slug":"comissao-aprova-projeto-que-prioriza-investimentos-em-educacao-no-brasil","status":"publish","type":"post","link":"https:\/\/pdt-rj.org.br\/index.php\/comissao-aprova-projeto-que-prioriza-investimentos-em-educacao-no-brasil\/","title":{"rendered":"Comiss\u00e3o aprova projeto que prioriza investimentos em educa\u00e7\u00e3o no Brasil"},"content":{"rendered":"<p>A Comiss\u00e3o de Educa\u00e7\u00e3o aprovou, nessa quarta-feira (19), o Projeto de Lei <a href=\"http:\/\/www.camara.gov.br\/proposicoesWeb\/fichadetramitacao?idProposicao=945626\">150\/15<\/a>, do deputado F\u00e9lix Mendon\u00e7a J\u00fanior (PDT-BA), que destina 50% da receita do Tesouro Nacional, decorrente do pagamento de participa\u00e7\u00f5es e dividendos pelas entidades da Administra\u00e7\u00e3o P\u00fablica Federal indireta, inclusive os relativos a lucros acumulados em exerc\u00edcios anteriores, para o Fundo Nacional do Desenvolvimento da Educa\u00e7\u00e3o (FNDE).<\/p>\n<p>De acordo com a proposta, os valores financiar\u00e3o a educa\u00e7\u00e3o p\u00fablica \u2013 desde o ensino b\u00e1sico at\u00e9 o superior, nas tr\u00eas esferas da administra\u00e7\u00e3o (Uni\u00e3o, estados e munic\u00edpios) \u2013, o ensino profissional e tecnol\u00f3gico, bolsas de estudo e programas de financiamento estudantil.<\/p>\n<p>A proposta altera \u00a0as leis 5.537\/68, que criou o FNDE; e a 9.530\/97, que trata do pagamento da d\u00edvida p\u00fablica.<\/p>\n<p>O FNDE \u00e9 uma autarquia ligada ao Minist\u00e9rio da Educa\u00e7\u00e3o que gerencia uma s\u00e9rie de programas educacionais em \u00e1reas como merenda escolar, compra de livros para estudantes e bibliotecas e transporte escolar.<\/p>\n<p>O projeto tramita em\u00a0car\u00e1ter conclusivo\u00a0e ser\u00e1 analisado agora pelas comiss\u00f5es de Finan\u00e7as e Tributa\u00e7\u00e3o e de Constitui\u00e7\u00e3o e Justi\u00e7a e de Cidadania.<\/p>\n<!-- AddThis Advanced Settings generic via filter on the_content --><!-- AddThis Share Buttons generic via filter on the_content -->","protected":false},"excerpt":{"rendered":"<p>A Comiss\u00e3o de Educa\u00e7\u00e3o aprovou, nessa quarta-feira (19), o Projeto de Lei 150\/15, do deputado F\u00e9lix Mendon\u00e7a J\u00fanior (PDT-BA), que destina 50% da receita do Tesouro Nacional, decorrente do pagamento de participa\u00e7\u00f5es e dividendos pelas entidades da Administra\u00e7\u00e3o P\u00fablica Federal indireta, inclusive os relativos a lucros acumulados em exerc\u00edcios anteriores, para o Fundo Nacional do&#8230;<!-- AddThis Advanced Settings generic via filter on wp_trim_excerpt --><!-- AddThis Share Buttons generic via filter on wp_trim_excerpt --><\/p>\n","protected":false},"author":17,"featured_media":53613,"comment_status":"closed","ping_status":"closed","sticky":false,"template":"","format":"standard","meta":{"_monsterinsights_skip_tracking":false,"_monsterinsights_sitenote_active":false,"_monsterinsights_sitenote_note":"","_monsterinsights_sitenote_category":0,"_uf_show_specific_survey":0,"_uf_disable_surveys":false,"footnotes":""},"categories":[1390,1459],"tags":[2238,338,1979,2237,391,2236,2235,2239,2240],"class_list":["post-53612","post","type-post","status-publish","format-standard","has-post-thumbnail","hentry","category-editorias","category-congresso","tag-bolsas-de-estudo","tag-educacao","tag-educacao-publica","tag-ensino-basico","tag-felix-mendonca-junior","tag-fnde","tag-fundo-nacional-do-desenvolvimento-da-educacao","tag-programas-de-financiamento-estudantil","tag-programas-educacionais"],"acf":[],"_links":{"self":[{"href":"https:\/\/pdt-rj.org.br\/index.php\/wp-json\/wp\/v2\/posts\/53612","targetHints":{"allow":["GET"]}}],"collection":[{"href":"https:\/\/pdt-rj.org.br\/index.php\/wp-json\/wp\/v2\/posts"}],"about":[{"href":"https:\/\/pdt-rj.org.br\/index.php\/wp-json\/wp\/v2\/types\/post"}],"author":[{"embeddable":true,"href":"https:\/\/pdt-rj.org.br\/index.php\/wp-json\/wp\/v2\/users\/17"}],"replies":[{"embeddable":true,"href":"https:\/\/pdt-rj.org.br\/index.php\/wp-json\/wp\/v2\/comments?post=53612"}],"version-history":[{"count":4,"href":"https:\/\/pdt-rj.org.br\/index.php\/wp-json\/wp\/v2\/posts\/53612\/revisions"}],"predecessor-version":[{"id":53617,"href":"https:\/\/pdt-rj.org.br\/index.php\/wp-json\/wp\/v2\/posts\/53612\/revisions\/53617"}],"wp:featuredmedia":[{"embeddable":true,"href":"https:\/\/pdt-rj.org.br\/index.php\/wp-json\/wp\/v2\/media\/53613"}],"wp:attachment":[{"href":"https:\/\/pdt-rj.org.br\/index.php\/wp-json\/wp\/v2\/media?parent=53612"}],"wp:term":[{"taxonomy":"category","embeddable":true,"href":"https:\/\/pdt-rj.org.br\/index.php\/wp-json\/wp\/v2\/categories?post=53612"},{"taxonomy":"post_tag","embeddable":true,"href":"https:\/\/pdt-rj.org.br\/index.php\/wp-json\/wp\/v2\/tags?post=53612"}],"curies":[{"name":"wp","href":"https:\/\/api.w.org\/{rel}","templated":true}]}}