{"id":53594,"date":"2017-04-19T15:34:56","date_gmt":"2017-04-19T18:34:56","guid":{"rendered":"http:\/\/pdt-rj.org.br\/?p=53594"},"modified":"2017-04-26T17:08:14","modified_gmt":"2017-04-26T20:08:14","slug":"dia-do-indio-mario-juruna-revoluciona-congresso-nacional-com-discurso-historico","status":"publish","type":"post","link":"https:\/\/pdt-rj.org.br\/index.php\/dia-do-indio-mario-juruna-revoluciona-congresso-nacional-com-discurso-historico\/","title":{"rendered":"Dia do \u00cdndio: H\u00e1 34 anos, Juruna revolucionava Congresso com discurso hist\u00f3rico"},"content":{"rendered":"<p>\u201cJuruna \u00e9 o primeiro \u00edndio que est\u00e1 representando brasileiro, porque o governo brasileiro n\u00e3o d\u00e1 oportunidade pra \u00edndio\u201d, destacava, h\u00e1 34 anos, no Congresso Nacional, o deputado federal pelo PDT do Rio de janeiro, M\u00e1rio Juruna, durante o hist\u00f3rico discurso, em refer\u00eancia ao Dia do \u00cdndio, proferido em 19 de abril de 1983.<\/p>\n<p>Reconhecidamente combativo e com uma personalidade forte, foi para a tribuna mostrar a representatividade e for\u00e7a de um cacique Xavante, que ficou reconhecido por sua luta incans\u00e1vel pelos direitos dos povos ind\u00edgenas.<\/p>\n<p>\u201cEu n\u00e3o vim aqui fuxicar com ningu\u00e9m, eu vim aqui pra trabalhar, pra defender povo, eu vim aqui pra lutar. Eu quero que gente come\u00e7a a respeitar nome de Juruna. Eu quero que gente trata \u00edndio brasileiro o mais poss\u00edvel dentro do melhor\u201d, cobrava Juruna.<\/p>\n<p>Sobre a presen\u00e7a de minorias no parlamento, o cacique mostrou o lament\u00e1vel cen\u00e1rio da legislatura: \u201c\u00danico \u00edndio que t\u00e1 falando hoje, \u00fanico deputado que t\u00e1 falando hoje: n\u00e3o \u00e9 terceiro, n\u00e3o \u00e9 quinto deputado, n\u00e3o \u00e9 cinquenta deputado. Se tiver ao menos mais cinquenta Juruna, o Juruna j\u00e1 tinha mudado o Brasil\u201d.<\/p>\n<p>Sobre o l\u00edder do seu partido, ele foi enf\u00e1tico: \u201cO Brizola \u00e9 homem, foi cassado, como acontece com o \u00edndio, por isso eu apoio Brizola e por isso quero dar liberdade para Brizola\u201d.<\/p>\n<p>No link abaixo, voc\u00ea confere o discurso de M\u00e1rio Juruna na \u00edntegra.<\/p>\n<p><a href=\"http:\/\/pdt-rj.org.br\/wp-content\/uploads\/2017\/04\/Discurso-do-deputado-federal-M\u00e1rio-Juruna-no-Plen\u00e1rio-da-C\u00e2mara-dos-Deputados.pdf\">Discurso do deputado federal M\u00e1rio Juruna no Plen\u00e1rio da C\u00e2mara dos Deputados<\/a><\/p>\n<!-- AddThis Advanced Settings generic via filter on the_content --><!-- AddThis Share Buttons generic via filter on the_content -->","protected":false},"excerpt":{"rendered":"<p>\u201cJuruna \u00e9 o primeiro \u00edndio que est\u00e1 representando brasileiro, porque o governo brasileiro n\u00e3o d\u00e1 oportunidade pra \u00edndio\u201d, destacava, h\u00e1 34 anos, no Congresso Nacional, o deputado federal pelo PDT do Rio de janeiro, M\u00e1rio Juruna, durante o hist\u00f3rico discurso, em refer\u00eancia ao Dia do \u00cdndio, proferido em 19 de abril de 1983. Reconhecidamente combativo&#8230;<!-- AddThis Advanced Settings generic via filter on wp_trim_excerpt --><!-- AddThis Share Buttons generic via filter on wp_trim_excerpt --><\/p>\n","protected":false},"author":17,"featured_media":53601,"comment_status":"closed","ping_status":"closed","sticky":false,"template":"","format":"standard","meta":{"_monsterinsights_skip_tracking":false,"_monsterinsights_sitenote_active":false,"_monsterinsights_sitenote_note":"","_monsterinsights_sitenote_category":0,"_uf_show_specific_survey":0,"_uf_disable_surveys":false,"footnotes":""},"categories":[1390],"tags":[179,301,65,1533,38,2219],"class_list":["post-53594","post","type-post","status-publish","format-standard","has-post-thumbnail","hentry","category-editorias","tag-brizola","tag-dia-do-indio","tag-liberdade","tag-mario-juruna","tag-pdt","tag-xavante"],"acf":[],"_links":{"self":[{"href":"https:\/\/pdt-rj.org.br\/index.php\/wp-json\/wp\/v2\/posts\/53594","targetHints":{"allow":["GET"]}}],"collection":[{"href":"https:\/\/pdt-rj.org.br\/index.php\/wp-json\/wp\/v2\/posts"}],"about":[{"href":"https:\/\/pdt-rj.org.br\/index.php\/wp-json\/wp\/v2\/types\/post"}],"author":[{"embeddable":true,"href":"https:\/\/pdt-rj.org.br\/index.php\/wp-json\/wp\/v2\/users\/17"}],"replies":[{"embeddable":true,"href":"https:\/\/pdt-rj.org.br\/index.php\/wp-json\/wp\/v2\/comments?post=53594"}],"version-history":[{"count":10,"href":"https:\/\/pdt-rj.org.br\/index.php\/wp-json\/wp\/v2\/posts\/53594\/revisions"}],"predecessor-version":[{"id":53684,"href":"https:\/\/pdt-rj.org.br\/index.php\/wp-json\/wp\/v2\/posts\/53594\/revisions\/53684"}],"wp:featuredmedia":[{"embeddable":true,"href":"https:\/\/pdt-rj.org.br\/index.php\/wp-json\/wp\/v2\/media\/53601"}],"wp:attachment":[{"href":"https:\/\/pdt-rj.org.br\/index.php\/wp-json\/wp\/v2\/media?parent=53594"}],"wp:term":[{"taxonomy":"category","embeddable":true,"href":"https:\/\/pdt-rj.org.br\/index.php\/wp-json\/wp\/v2\/categories?post=53594"},{"taxonomy":"post_tag","embeddable":true,"href":"https:\/\/pdt-rj.org.br\/index.php\/wp-json\/wp\/v2\/tags?post=53594"}],"curies":[{"name":"wp","href":"https:\/\/api.w.org\/{rel}","templated":true}]}}