{"id":53492,"date":"2017-04-17T20:30:36","date_gmt":"2017-04-17T23:30:36","guid":{"rendered":"http:\/\/pdt-rj.org.br\/?p=53492"},"modified":"2017-04-17T20:59:46","modified_gmt":"2017-04-17T23:59:46","slug":"roberto-claudio-promove-intercambio-de-jovens-da-rede-publica-para-o-canada-e-espanha","status":"publish","type":"post","link":"https:\/\/pdt-rj.org.br\/index.php\/roberto-claudio-promove-intercambio-de-jovens-da-rede-publica-para-o-canada-e-espanha\/","title":{"rendered":"Roberto Cl\u00e1udio promove interc\u00e2mbio de jovens da rede p\u00fablica para o Canad\u00e1 e Espanha"},"content":{"rendered":"<p>O prefeito de Fortaleza, Roberto Cl\u00e1udio (PDT-CE) e o secret\u00e1rio de Juventude do munic\u00edpio, J\u00falio Brizzi (PDT-CE) se encontraram, nesta segunda-feira (17), com os 98 jovens selecionados pelo Programa Juventude Sem Fronteira, que viajar\u00e3o nos dias 18 e 19 de abril para um interc\u00e2mbio no Canad\u00e1 e na Espanha. A iniciativa, exclusiva para estudantes da rede p\u00fablica de ensino matriculados no Academia Enem, promove uma experi\u00eancia de estudo e viv\u00eancia internacional aos jovens que tiveram as melhores notas no Enem.<\/p>\n<p>De acordo com o Roberto Cl\u00e1udio, essa \u00e9 a primeira porta aberta para o futuro vencedor desses jovens, que estudaram em escolas p\u00fablicas.<\/p>\n<p>\u201cSabemos que por meio da educa\u00e7\u00e3o, muitas vidas podem ser transformadas. E esta \u00e9 a nossa miss\u00e3o: dar oportunidade para que os nossos jovens realizarem grandes sonhos. Estou muito feliz em concretizar esse desejo, que j\u00e1 existia h\u00e1 dois anos, e proporcionar uma oportunidade de vida importante para tantos estudantes. A ideia \u00e9 que quando esses jovens voltem, depois de 8 semanas, n\u00f3s possamos ter l\u00edderes nos bairros da cidade, com um n\u00edvel de responsabilidade pessoal e coletivo diferenciado. Eu estou muito otimista com os resultados de m\u00e9dio e longo prazo que um programa como esse pode gerar para a cidade de Fortaleza\u201d, revela o pedetista.<\/p>\n<p>Os jovens tamb\u00e9m ser\u00e3o beneficiados com curso de idiomas (ingl\u00eas ou espanhol), despesas b\u00e1sicas pagas e ajuda de custo. Para participar da sele\u00e7\u00e3o, o aluno matriculado no Academia Enem precisava ter entre 18 e 29 anos, ter cursado o ensino m\u00e9dio integralmente na rede p\u00fablica ou ainda cursar o terceiro ano em escola p\u00fablica, ter obtido a frequ\u00eancia m\u00ednima obrigat\u00f3ria de 65% nas aulas do Academia Enem e ter alcan\u00e7ado a pontua\u00e7\u00e3o m\u00ednima de 550 pontos na m\u00e9dia geral do Enem 2015 ou 2016.<\/p>\n<p>\u201cO Academia Enem \u00e9 um projeto que j\u00e1 est\u00e1 na 5\u00aa edi\u00e7\u00e3o. J\u00e1 passaram mais de 40 mil jovens da cidade de Fortaleza, prioritariamente da rede p\u00fablica. A prefeitura de Fortaleza disponibiliza material, alimenta\u00e7\u00e3o, fardamento, vale transporte, al\u00e9m de grandes professores com grande qualidade de conte\u00fado, que permite que os jovens ingressam no ensino superior. O projeto &#8216;Juventude sem fronteiras&#8217; \u00e9 inovador, a gente t\u00e1 fazendo pela primeira vez em fortaleza e no estado do Cear\u00e1. Essa iniciativa serve para valorizar e premiar os estudantes que se esfor\u00e7aram e se dedicaram \u00e0s aulas do Academia Enem. \u00c9 apenas por meio dos estudos que os jovens podem ser o que quiserem na vida e alcan\u00e7arem o que quiser\u201d, pondera Julio Brizzi, que \u00e9 vice-presidente nacional da Juventude Socialista (JS).<\/p>\n<p><strong>Academia Enem<\/strong><br \/>\nAs inscri\u00e7\u00f5es da edi\u00e7\u00e3o 2017 do Projeto Academia Enem encerraram-se em tempo recorde, no dia 24\/03, com pouco mais de 24 horas depois de serem abertas. S\u00e3o 8 mil vagas para o curso, que \u00e9 totalmente gratuito. O projeto oferece aulas preparat\u00f3rias para o Enem com os melhores professores de Fortaleza, al\u00e9m de material did\u00e1tico, vale-transporte, lanche, camisa, laborat\u00f3rio de reda\u00e7\u00e3o e aulas dispon\u00edveis na internet.<\/p>\n<!-- AddThis Advanced Settings generic via filter on the_content --><!-- AddThis Share Buttons generic via filter on the_content -->","protected":false},"excerpt":{"rendered":"<p>O prefeito de Fortaleza, Roberto Cl\u00e1udio (PDT-CE) e o secret\u00e1rio de Juventude do munic\u00edpio, J\u00falio Brizzi (PDT-CE) se encontraram, nesta segunda-feira (17), com os 98 jovens selecionados pelo Programa Juventude Sem Fronteira, que viajar\u00e3o nos dias 18 e 19 de abril para um interc\u00e2mbio no Canad\u00e1 e na Espanha. A iniciativa, exclusiva para estudantes da&#8230;<!-- AddThis Advanced Settings generic via filter on wp_trim_excerpt --><!-- AddThis Share Buttons generic via filter on wp_trim_excerpt --><\/p>\n","protected":false},"author":17,"featured_media":53493,"comment_status":"closed","ping_status":"closed","sticky":false,"template":"","format":"standard","meta":{"_monsterinsights_skip_tracking":false,"_monsterinsights_sitenote_active":false,"_monsterinsights_sitenote_note":"","_monsterinsights_sitenote_category":0,"_uf_show_specific_survey":0,"_uf_disable_surveys":false,"footnotes":""},"categories":[1390,1402],"tags":[86,2159,2162,2161,38,2163,836],"class_list":["post-53492","post","type-post","status-publish","format-standard","has-post-thumbnail","hentry","category-editorias","category-cidades","tag-academia-enem","tag-intercambio","tag-julio-brizzi","tag-o-academia-enem","tag-pdt","tag-programa-juventude-sem-fronteira","tag-roberto-claudio"],"acf":[],"_links":{"self":[{"href":"https:\/\/pdt-rj.org.br\/index.php\/wp-json\/wp\/v2\/posts\/53492","targetHints":{"allow":["GET"]}}],"collection":[{"href":"https:\/\/pdt-rj.org.br\/index.php\/wp-json\/wp\/v2\/posts"}],"about":[{"href":"https:\/\/pdt-rj.org.br\/index.php\/wp-json\/wp\/v2\/types\/post"}],"author":[{"embeddable":true,"href":"https:\/\/pdt-rj.org.br\/index.php\/wp-json\/wp\/v2\/users\/17"}],"replies":[{"embeddable":true,"href":"https:\/\/pdt-rj.org.br\/index.php\/wp-json\/wp\/v2\/comments?post=53492"}],"version-history":[{"count":5,"href":"https:\/\/pdt-rj.org.br\/index.php\/wp-json\/wp\/v2\/posts\/53492\/revisions"}],"predecessor-version":[{"id":53498,"href":"https:\/\/pdt-rj.org.br\/index.php\/wp-json\/wp\/v2\/posts\/53492\/revisions\/53498"}],"wp:featuredmedia":[{"embeddable":true,"href":"https:\/\/pdt-rj.org.br\/index.php\/wp-json\/wp\/v2\/media\/53493"}],"wp:attachment":[{"href":"https:\/\/pdt-rj.org.br\/index.php\/wp-json\/wp\/v2\/media?parent=53492"}],"wp:term":[{"taxonomy":"category","embeddable":true,"href":"https:\/\/pdt-rj.org.br\/index.php\/wp-json\/wp\/v2\/categories?post=53492"},{"taxonomy":"post_tag","embeddable":true,"href":"https:\/\/pdt-rj.org.br\/index.php\/wp-json\/wp\/v2\/tags?post=53492"}],"curies":[{"name":"wp","href":"https:\/\/api.w.org\/{rel}","templated":true}]}}