{"id":53485,"date":"2017-04-12T19:26:30","date_gmt":"2017-04-12T22:26:30","guid":{"rendered":"http:\/\/pdt-rj.org.br\/?p=53485"},"modified":"2017-04-12T19:26:30","modified_gmt":"2017-04-12T22:26:30","slug":"em-ato-da-fenafisco-weverton-rocha-reafirma-posicao-do-pdt-contra-reforma-previdencia","status":"publish","type":"post","link":"https:\/\/pdt-rj.org.br\/index.php\/em-ato-da-fenafisco-weverton-rocha-reafirma-posicao-do-pdt-contra-reforma-previdencia\/","title":{"rendered":"Em Ato da Fenafisco, Weverton Rocha reafirma posi\u00e7\u00e3o do PDT contra Reforma Previd\u00eancia"},"content":{"rendered":"<p>Em sua participa\u00e7\u00e3o no Ato P\u00fablico promovido pela <a href=\"https:\/\/www.google.de\/url?sa=t&amp;rct=j&amp;q=&amp;esrc=s&amp;source=web&amp;cd=4&amp;ved=0ahUKEwibkoW_9p_TAhUDgJAKHc9oCRsQFgg7MAM&amp;url=http%3A%2F%2Fpec287diganao.org.br%2F&amp;usg=AFQjCNGMwYS9iFrnw9Bgox3YHSOyviKdzA&amp;sig2=H_Xu88X4fhc74e1yNtDLEQ\">Federa\u00e7\u00e3o Nacional do Fisco Estadual e Distrital<\/a> (Fenafisco) acerca do projeto de Reforma da Previd\u00eancia, o l\u00edder da bancada pedetista, deputado Weverton Rocha (MA), reafirmou o posicionamento do partido, que fechou quest\u00e3o contra a proposta do Governo Federal. O evento aconteceu nesta quarta-feira (12) na C\u00e2mara dos Deputados.<\/p>\n<p>\u201cA Previd\u00eancia n\u00e3o \u00e9 de qualquer governo, \u00e9 um direito do trabalhador e precisa continuar tendo o car\u00e1ter social. Sairemos sempre em defesa dos direitos conquistados, com muita luta, pelo trabalhador brasileiro\u201d, destacou o parlamentar maranhense.<\/p>\n<p>Entre as a\u00e7\u00f5es, a Fenafisco realizar\u00e1 um corpo a corpo junto aos parlamentares, mostrando a import\u00e2ncia de votar a favor dos trabalhadores, rejeitando a PEC 287, e ainda lan\u00e7ou o Radar Previd\u00eancia, que vai monitorar o posicionamento dos parlamentares de todo o Brasil em rela\u00e7\u00e3o \u00e0 proposta do Governo.<\/p>\n<p>Na avalia\u00e7\u00e3o do presidente da Fenafisco, Charles Alc\u00e2ntara, o cen\u00e1rio atual em torno da reforma da Previd\u00eancia aponta claramente o recuo do governo em rela\u00e7\u00e3o ao texto originalmente proposto.<\/p>\n<p>\u201cDiferente do que muitos parlamentares acreditaram, a sociedade n\u00e3o vai engolir tamanha restri\u00e7\u00e3o de direitos, um verdadeiro desmonte da Previd\u00eancia Social, sob o argumento fr\u00e1gil de equil\u00edbrio fiscal. Essas mudan\u00e7as que o governo come\u00e7a a anunciar s\u00e3o reflexo da press\u00e3o da sociedade, que precisa e deve continuar\u201d, alerta.<\/p>\n<p>O Radar da Previd\u00eancia ser\u00e1 atualizado diariamente. O ato da Fenafisco contar\u00e1 com o apoio de 30 sindicatos afiliados em todo o Pa\u00eds. A categoria representa cerca de 35 mil servidores fiscais tribut\u00e1rios estaduais e distritais de todo o Pa\u00eds.<\/p>\n<!-- AddThis Advanced Settings generic via filter on the_content --><!-- AddThis Share Buttons generic via filter on the_content -->","protected":false},"excerpt":{"rendered":"<p>Em sua participa\u00e7\u00e3o no Ato P\u00fablico promovido pela Federa\u00e7\u00e3o Nacional do Fisco Estadual e Distrital (Fenafisco) acerca do projeto de Reforma da Previd\u00eancia, o l\u00edder da bancada pedetista, deputado Weverton Rocha (MA), reafirmou o posicionamento do partido, que fechou quest\u00e3o contra a proposta do Governo Federal. O evento aconteceu nesta quarta-feira (12) na C\u00e2mara dos&#8230;<!-- AddThis Advanced Settings generic via filter on wp_trim_excerpt --><!-- AddThis Share Buttons generic via filter on wp_trim_excerpt --><\/p>\n","protected":false},"author":17,"featured_media":53486,"comment_status":"closed","ping_status":"closed","sticky":false,"template":"","format":"standard","meta":{"_monsterinsights_skip_tracking":false,"_monsterinsights_sitenote_active":false,"_monsterinsights_sitenote_note":"","_monsterinsights_sitenote_category":0,"_uf_show_specific_survey":0,"_uf_disable_surveys":false,"footnotes":""},"categories":[1390],"tags":[2158,2157,38,1773,962],"class_list":["post-53485","post","type-post","status-publish","format-standard","has-post-thumbnail","hentry","category-editorias","tag-federacao-nacional-do-fisco-estadual-e-distrital","tag-fenafisco","tag-pdt","tag-reforma-da-previdencia","tag-weverton-rocha"],"acf":[],"_links":{"self":[{"href":"https:\/\/pdt-rj.org.br\/index.php\/wp-json\/wp\/v2\/posts\/53485","targetHints":{"allow":["GET"]}}],"collection":[{"href":"https:\/\/pdt-rj.org.br\/index.php\/wp-json\/wp\/v2\/posts"}],"about":[{"href":"https:\/\/pdt-rj.org.br\/index.php\/wp-json\/wp\/v2\/types\/post"}],"author":[{"embeddable":true,"href":"https:\/\/pdt-rj.org.br\/index.php\/wp-json\/wp\/v2\/users\/17"}],"replies":[{"embeddable":true,"href":"https:\/\/pdt-rj.org.br\/index.php\/wp-json\/wp\/v2\/comments?post=53485"}],"version-history":[{"count":1,"href":"https:\/\/pdt-rj.org.br\/index.php\/wp-json\/wp\/v2\/posts\/53485\/revisions"}],"predecessor-version":[{"id":53487,"href":"https:\/\/pdt-rj.org.br\/index.php\/wp-json\/wp\/v2\/posts\/53485\/revisions\/53487"}],"wp:featuredmedia":[{"embeddable":true,"href":"https:\/\/pdt-rj.org.br\/index.php\/wp-json\/wp\/v2\/media\/53486"}],"wp:attachment":[{"href":"https:\/\/pdt-rj.org.br\/index.php\/wp-json\/wp\/v2\/media?parent=53485"}],"wp:term":[{"taxonomy":"category","embeddable":true,"href":"https:\/\/pdt-rj.org.br\/index.php\/wp-json\/wp\/v2\/categories?post=53485"},{"taxonomy":"post_tag","embeddable":true,"href":"https:\/\/pdt-rj.org.br\/index.php\/wp-json\/wp\/v2\/tags?post=53485"}],"curies":[{"name":"wp","href":"https:\/\/api.w.org\/{rel}","templated":true}]}}