{"id":53460,"date":"2017-04-10T22:14:40","date_gmt":"2017-04-11T01:14:40","guid":{"rendered":"http:\/\/pdt-rj.org.br\/?p=53460"},"modified":"2017-04-11T15:56:16","modified_gmt":"2017-04-11T18:56:16","slug":"daboberto-nogueira-considera-reforma-da-previdencia-e-uma-afronta-aos-trabalhadores","status":"publish","type":"post","link":"https:\/\/pdt-rj.org.br\/index.php\/daboberto-nogueira-considera-reforma-da-previdencia-e-uma-afronta-aos-trabalhadores\/","title":{"rendered":"Daboberto Nogueira considera Reforma da Previd\u00eancia uma afronta aos trabalhadores"},"content":{"rendered":"<p>O deputado federal Dagoberto Nogueira (PDT-MS) considera a Reforma da Previd\u00eancia uma afronta aos trabalhadores. Em v\u00eddeo de divulga\u00e7\u00e3o partid\u00e1ria, o parlamentar destacou a idade m\u00ednima e o tempo de contribui\u00e7\u00e3o como medidas descabidas.<\/p>\n<p>Ao n\u00e3o prever diferencia\u00e7\u00f5es entre as profiss\u00f5es e regi\u00f5es do pa\u00eds, a proposta do governo somente penaliza as categorias.<\/p>\n<p>Confira:<\/p>\n<p><iframe loading=\"lazy\" title=\"Deputado federal Daboberto Nogueira - Reforma da Previd\u00eancia \u00e9 uma afronta\" width=\"640\" height=\"360\" src=\"https:\/\/www.youtube.com\/embed\/9NI7-Ji21Q0?feature=oembed\" frameborder=\"0\" allow=\"accelerometer; autoplay; clipboard-write; encrypted-media; gyroscope; picture-in-picture; web-share\" referrerpolicy=\"strict-origin-when-cross-origin\" allowfullscreen><\/iframe><\/p>\n<!-- AddThis Advanced Settings generic via filter on the_content --><!-- AddThis Share Buttons generic via filter on the_content -->","protected":false},"excerpt":{"rendered":"<p>O deputado federal Dagoberto Nogueira (PDT-MS) considera a Reforma da Previd\u00eancia uma afronta aos trabalhadores. Em v\u00eddeo de divulga\u00e7\u00e3o partid\u00e1ria, o parlamentar destacou a idade m\u00ednima e o tempo de contribui\u00e7\u00e3o como medidas descabidas. Ao n\u00e3o prever diferencia\u00e7\u00f5es entre as profiss\u00f5es e regi\u00f5es do pa\u00eds, a proposta do governo somente penaliza as categorias. Confira:<!-- AddThis Advanced Settings generic via filter on wp_trim_excerpt --><!-- AddThis Share Buttons generic via filter on wp_trim_excerpt --><\/p>\n","protected":false},"author":17,"featured_media":53461,"comment_status":"closed","ping_status":"closed","sticky":false,"template":"","format":"standard","meta":{"_monsterinsights_skip_tracking":false,"_monsterinsights_sitenote_active":false,"_monsterinsights_sitenote_note":"","_monsterinsights_sitenote_category":0,"_uf_show_specific_survey":0,"_uf_disable_surveys":false,"footnotes":""},"categories":[1390],"tags":[274,38,1773],"class_list":["post-53460","post","type-post","status-publish","format-standard","has-post-thumbnail","hentry","category-editorias","tag-dagoberto-nogueira","tag-pdt","tag-reforma-da-previdencia"],"acf":[],"_links":{"self":[{"href":"https:\/\/pdt-rj.org.br\/index.php\/wp-json\/wp\/v2\/posts\/53460","targetHints":{"allow":["GET"]}}],"collection":[{"href":"https:\/\/pdt-rj.org.br\/index.php\/wp-json\/wp\/v2\/posts"}],"about":[{"href":"https:\/\/pdt-rj.org.br\/index.php\/wp-json\/wp\/v2\/types\/post"}],"author":[{"embeddable":true,"href":"https:\/\/pdt-rj.org.br\/index.php\/wp-json\/wp\/v2\/users\/17"}],"replies":[{"embeddable":true,"href":"https:\/\/pdt-rj.org.br\/index.php\/wp-json\/wp\/v2\/comments?post=53460"}],"version-history":[{"count":2,"href":"https:\/\/pdt-rj.org.br\/index.php\/wp-json\/wp\/v2\/posts\/53460\/revisions"}],"predecessor-version":[{"id":53469,"href":"https:\/\/pdt-rj.org.br\/index.php\/wp-json\/wp\/v2\/posts\/53460\/revisions\/53469"}],"wp:featuredmedia":[{"embeddable":true,"href":"https:\/\/pdt-rj.org.br\/index.php\/wp-json\/wp\/v2\/media\/53461"}],"wp:attachment":[{"href":"https:\/\/pdt-rj.org.br\/index.php\/wp-json\/wp\/v2\/media?parent=53460"}],"wp:term":[{"taxonomy":"category","embeddable":true,"href":"https:\/\/pdt-rj.org.br\/index.php\/wp-json\/wp\/v2\/categories?post=53460"},{"taxonomy":"post_tag","embeddable":true,"href":"https:\/\/pdt-rj.org.br\/index.php\/wp-json\/wp\/v2\/tags?post=53460"}],"curies":[{"name":"wp","href":"https:\/\/api.w.org\/{rel}","templated":true}]}}