{"id":53429,"date":"2017-04-07T12:53:33","date_gmt":"2017-04-07T15:53:33","guid":{"rendered":"http:\/\/pdt-rj.org.br\/?p=53429"},"modified":"2017-04-07T18:33:11","modified_gmt":"2017-04-07T21:33:11","slug":"movimento-negro-do-pdt-ms-lanca-as-12-acoes-para-o-empoderamento-dos-afro-brasileiros","status":"publish","type":"post","link":"https:\/\/pdt-rj.org.br\/index.php\/movimento-negro-do-pdt-ms-lanca-as-12-acoes-para-o-empoderamento-dos-afro-brasileiros\/","title":{"rendered":"Movimento Negro do PDT-MS lan\u00e7a \u2018As 12 a\u00e7\u00f5es para o empoderamento dos Afro-Brasileiros\u2019"},"content":{"rendered":"<p>O lan\u00e7amento oficial da cartilha \u201cAs 12 a\u00e7\u00f5es para o empoderamento dos Afro-Brasileiros\u201d j\u00e1 tem data marcada. Ser\u00e1 na Conven\u00e7\u00e3o Estadual do PDT de Mato Grosso do Sul, cuja realiza\u00e7\u00e3o est\u00e1 prevista para este semestre, com a presen\u00e7a do presidente nacional do partido, Carlos Lupi, e do pr\u00e9-candidato \u00e0 presid\u00eancia Ciro Gomes.<\/p>\n<p>Esses e outros pontos foram definidos na \u00faltima semana em reuni\u00e3o realizada entre o presidente do Movimento Negro PDT-MS, Andr\u00e9 Paulino, o secret\u00e1rio-geral do Movimento Negro do PDT- MS e coordenador da Funda\u00e7\u00e3o Leonel Brizola \u2013 Alberto Pasqualini (FLB-AP\/MS), Joel Penha, e o vice-presidente nacional da Funda\u00e7\u00e3o Leonel Brizola-MS, Jamilson Namme.<\/p>\n<p>As 12 a\u00e7\u00f5es que integram a cartilha abrangem os temas: educa\u00e7\u00e3o, sa\u00fade, trabalho e renda, habita\u00e7\u00e3o e saneamento b\u00e1sico, cultura e arte, esporte, lazer e recrea\u00e7\u00e3o, Justi\u00e7a e seguran\u00e7a, Inser\u00e7\u00e3o Pol\u00edtica, m\u00eddia e comunica\u00e7\u00e3o, turismo \u00e9tnico, Rela\u00e7\u00f5es Internacionais e empreendedorismo.<\/p>\n<p>Desenvolvida pelo Movimento Negro e pela FLB-AP\/MS, o objetivo da cartilha \u00e9 nortear as a\u00e7\u00f5es do Movimento Negro PDT de Mato Grosso do Sul e de todo o Pa\u00eds, que servir\u00e1 tamb\u00e9m como projeto de campanha para as elei\u00e7\u00f5es de 2018. O documento \u00e9 baseado na declara\u00e7\u00e3o da Organiza\u00e7\u00e3o das Na\u00e7\u00f5es Unidas (ONU), que instituiu 2015\/2024 a d\u00e9cada Internacional de Afrodescendente.<\/p>\n<p>De acordo com Joel Penha, as 12 a\u00e7\u00f5es, servir\u00e3o de plataforma para a constru\u00e7\u00e3o de pol\u00edticas p\u00fablicas efetivas e de a\u00e7\u00f5es afirmativas, em todo o territ\u00f3rio brasileiro. A ideia \u00e9 integrar o poder p\u00fablico e privado, em cumprimento do Estatuto de Igualdade Racial, institu\u00eddo em 21 de Julho de 2010.<\/p>\n<p>\u201cPara isso, faremos articula\u00e7\u00f5es com institui\u00e7\u00f5es como o sistema S, governo do estado e prefeitura, mobilizando todos os setores e institui\u00e7\u00f5es da sociedade pela promo\u00e7\u00e3o da Igualdade Racial em nosso estado\u201d, explica Joel Penha.<\/p>\n<p>A FLB-AP e a Secretaria Estadual do Movimento Negro PDT-MS t\u00eam trabalhado em conjunto para que essas a\u00e7\u00f5es tamb\u00e9m sejam implementadas nas comunidades tradicionais Quilombolas do estado. S\u00e3o 23 comunidades no total.<\/p>\n<p>\u201cA Funda\u00e7\u00e3o Leonel Brizola em Mato Grosso do Sul est\u00e1 comprometida com o fortalecimento do Movimento Negro do PDT no estado, e quer minimizar a disparidade gritante da popula\u00e7\u00e3o negra no Brasil\u201d, afirma Joel Penha.<\/p>\n<!-- AddThis Advanced Settings generic via filter on the_content --><!-- AddThis Share Buttons generic via filter on the_content -->","protected":false},"excerpt":{"rendered":"<p>O lan\u00e7amento oficial da cartilha \u201cAs 12 a\u00e7\u00f5es para o empoderamento dos Afro-Brasileiros\u201d j\u00e1 tem data marcada. Ser\u00e1 na Conven\u00e7\u00e3o Estadual do PDT de Mato Grosso do Sul, cuja realiza\u00e7\u00e3o est\u00e1 prevista para este semestre, com a presen\u00e7a do presidente nacional do partido, Carlos Lupi, e do pr\u00e9-candidato \u00e0 presid\u00eancia Ciro Gomes. Esses e outros&#8230;<!-- AddThis Advanced Settings generic via filter on wp_trim_excerpt --><!-- AddThis Share Buttons generic via filter on wp_trim_excerpt --><\/p>\n","protected":false},"author":17,"featured_media":53433,"comment_status":"closed","ping_status":"closed","sticky":false,"template":"","format":"standard","meta":{"_monsterinsights_skip_tracking":false,"_monsterinsights_sitenote_active":false,"_monsterinsights_sitenote_note":"","_monsterinsights_sitenote_category":0,"_uf_show_specific_survey":0,"_uf_disable_surveys":false,"footnotes":""},"categories":[1390],"tags":[2143,408,426,1919,67,1365,38],"class_list":["post-53429","post","type-post","status-publish","format-standard","has-post-thumbnail","hentry","category-editorias","tag-as-12-acoes-para-o-empoderamento-dos-afro-brasileiros","tag-flb-ap","tag-fundacao-leonel-brizola-alberto-pasqualini","tag-movimento-negro","tag-onu","tag-organizacao-das-nacoes-unidas","tag-pdt"],"acf":[],"_links":{"self":[{"href":"https:\/\/pdt-rj.org.br\/index.php\/wp-json\/wp\/v2\/posts\/53429","targetHints":{"allow":["GET"]}}],"collection":[{"href":"https:\/\/pdt-rj.org.br\/index.php\/wp-json\/wp\/v2\/posts"}],"about":[{"href":"https:\/\/pdt-rj.org.br\/index.php\/wp-json\/wp\/v2\/types\/post"}],"author":[{"embeddable":true,"href":"https:\/\/pdt-rj.org.br\/index.php\/wp-json\/wp\/v2\/users\/17"}],"replies":[{"embeddable":true,"href":"https:\/\/pdt-rj.org.br\/index.php\/wp-json\/wp\/v2\/comments?post=53429"}],"version-history":[{"count":4,"href":"https:\/\/pdt-rj.org.br\/index.php\/wp-json\/wp\/v2\/posts\/53429\/revisions"}],"predecessor-version":[{"id":53438,"href":"https:\/\/pdt-rj.org.br\/index.php\/wp-json\/wp\/v2\/posts\/53429\/revisions\/53438"}],"wp:featuredmedia":[{"embeddable":true,"href":"https:\/\/pdt-rj.org.br\/index.php\/wp-json\/wp\/v2\/media\/53433"}],"wp:attachment":[{"href":"https:\/\/pdt-rj.org.br\/index.php\/wp-json\/wp\/v2\/media?parent=53429"}],"wp:term":[{"taxonomy":"category","embeddable":true,"href":"https:\/\/pdt-rj.org.br\/index.php\/wp-json\/wp\/v2\/categories?post=53429"},{"taxonomy":"post_tag","embeddable":true,"href":"https:\/\/pdt-rj.org.br\/index.php\/wp-json\/wp\/v2\/tags?post=53429"}],"curies":[{"name":"wp","href":"https:\/\/api.w.org\/{rel}","templated":true}]}}